{"id":11618,"date":"2024-04-06T14:20:23","date_gmt":"2024-04-06T11:20:23","guid":{"rendered":"https:\/\/www.ata-ro.eu\/?p=11618"},"modified":"2024-09-13T14:28:32","modified_gmt":"2024-09-13T11:28:32","slug":"otleteik-megvalositasan-munkalkodik-a-varosi-diaktanacs","status":"publish","type":"post","link":"https:\/\/www.ata-ro.eu\/hu\/hirek\/otleteik-megvalositasan-munkalkodik-a-varosi-diaktanacs.html","title":{"rendered":"\u00d6tleteik megval\u00f3s\u00edt\u00e1s\u00e1n munk\u00e1lkodik a v\u00e1rosi di\u00e1ktan\u00e1cs"},"content":{"rendered":"<p>Mint arr\u00f3l k\u00f6z\u00f6ss\u00e9gi m\u00e9dia oldalainkon besz\u00e1moltunk m\u00e1r t\u00f6bbsz\u00f6r, okt\u00f3berben az Eur\u00f3pai Ifj\u00fas\u00e1gi Alapnak k\u00f6sz\u00f6nhet\u0151en \u00fatj\u00e1ra ind\u00edtottuk a Sz\u00e9kelykereszt\u00fari V\u00e1rosi Di\u00e1ktan\u00e1csot. C\u00e9lunk nem csup\u00e1n az volt, hogy toborozzunk egy fiatalokb\u00f3l, di\u00e1kokb\u00f3l \u00e1ll\u00f3 csapatot, hanem az is, hogy felruh\u00e1zzuk \u0151ket olyan k\u00e9szs\u00e9gekkel, k\u00e9pess\u00e9gekkel, amelyeknek nagy haszn\u00e1t veszik munk\u00e1ss\u00e1guk sor\u00e1n.<br \/><img loading=\"lazy\" class=\"aligncenter  wp-image-11606\" src=\"https:\/\/www.ata-ro.eu\/wp-content\/uploads\/2024\/09\/WhatsApp-Image-2023-11-23-at-09.00.31_7c6a2d7b-1024x768.jpg\" alt=\"\" width=\"464\" height=\"348\" srcset=\"https:\/\/www.ata-ro.eu\/wp-content\/uploads\/2024\/09\/WhatsApp-Image-2023-11-23-at-09.00.31_7c6a2d7b-1024x768.jpg 1024w, https:\/\/www.ata-ro.eu\/wp-content\/uploads\/2024\/09\/WhatsApp-Image-2023-11-23-at-09.00.31_7c6a2d7b-300x225.jpg 300w, https:\/\/www.ata-ro.eu\/wp-content\/uploads\/2024\/09\/WhatsApp-Image-2023-11-23-at-09.00.31_7c6a2d7b-768x576.jpg 768w, https:\/\/www.ata-ro.eu\/wp-content\/uploads\/2024\/09\/WhatsApp-Image-2023-11-23-at-09.00.31_7c6a2d7b-1536x1152.jpg 1536w, https:\/\/www.ata-ro.eu\/wp-content\/uploads\/2024\/09\/WhatsApp-Image-2023-11-23-at-09.00.31_7c6a2d7b-733x550.jpg 733w, https:\/\/www.ata-ro.eu\/wp-content\/uploads\/2024\/09\/WhatsApp-Image-2023-11-23-at-09.00.31_7c6a2d7b-1467x1100.jpg 1467w, https:\/\/www.ata-ro.eu\/wp-content\/uploads\/2024\/09\/WhatsApp-Image-2023-11-23-at-09.00.31_7c6a2d7b-80x60.jpg 80w, https:\/\/www.ata-ro.eu\/wp-content\/uploads\/2024\/09\/WhatsApp-Image-2023-11-23-at-09.00.31_7c6a2d7b-160x120.jpg 160w, https:\/\/www.ata-ro.eu\/wp-content\/uploads\/2024\/09\/WhatsApp-Image-2023-11-23-at-09.00.31_7c6a2d7b.jpg 2048w\" sizes=\"(max-width: 464px) 100vw, 464px\" \/><\/p><p>Az okt\u00f3bert\u0151l janu\u00e1rig tart\u00f3 id\u0151szakban a fiatalok t\u00f6bb r\u00f6vid k\u00e9pz\u00e9sen \u00e9s el\u0151ad\u00e1son vettek r\u00e9szt, melyek a kommunik\u00e1ci\u00f3, kutat\u00e1s \u00e9s adatelemz\u00e9s, t\u00e1rgyal\u00e1stechnika, d\u00f6nt\u00e9shoz\u00e1s \u00e9s lobbiz\u00e1s, konfliktuskezel\u00e9s t\u00e9mak\u00f6r\u00f6kben. Ezen k\u00edv\u00fcl t\u00f6bb csapat\u00e9p\u00edt\u0151 aktivit\u00e1sra is sor ker\u00fclt az egy\u00fcttm\u0171k\u00f6d\u00e9s kialak\u00edt\u00e1sa \u00e9s fenntart\u00e1sa \u00e9rdek\u00e9ben.<br \/><img loading=\"lazy\" class=\"aligncenter  wp-image-11609\" src=\"https:\/\/www.ata-ro.eu\/wp-content\/uploads\/2024\/09\/IMG-20240301-WA0017-1024x768.jpg\" alt=\"\" width=\"425\" height=\"319\" srcset=\"https:\/\/www.ata-ro.eu\/wp-content\/uploads\/2024\/09\/IMG-20240301-WA0017-1024x768.jpg 1024w, https:\/\/www.ata-ro.eu\/wp-content\/uploads\/2024\/09\/IMG-20240301-WA0017-300x225.jpg 300w, https:\/\/www.ata-ro.eu\/wp-content\/uploads\/2024\/09\/IMG-20240301-WA0017-768x576.jpg 768w, https:\/\/www.ata-ro.eu\/wp-content\/uploads\/2024\/09\/IMG-20240301-WA0017-1536x1152.jpg 1536w, https:\/\/www.ata-ro.eu\/wp-content\/uploads\/2024\/09\/IMG-20240301-WA0017-733x550.jpg 733w, https:\/\/www.ata-ro.eu\/wp-content\/uploads\/2024\/09\/IMG-20240301-WA0017-1467x1100.jpg 1467w, https:\/\/www.ata-ro.eu\/wp-content\/uploads\/2024\/09\/IMG-20240301-WA0017-80x60.jpg 80w, https:\/\/www.ata-ro.eu\/wp-content\/uploads\/2024\/09\/IMG-20240301-WA0017-160x120.jpg 160w, https:\/\/www.ata-ro.eu\/wp-content\/uploads\/2024\/09\/IMG-20240301-WA0017.jpg 2048w\" sizes=\"(max-width: 425px) 100vw, 425px\" \/><\/p><p>M\u00e1r a k\u00e9pz\u00e9sek ideje alatt lehet\u0151s\u00e9g\u00fck ny\u00edlt a fiataloknak k\u00f6zelebbr\u0151l megismerni a v\u00e1ros alpolg\u00e1rmester\u00e9t, valamint v\u00e1rosi szinten a d\u00f6nt\u00e9shoz\u00e1si folyamatokat. Annak \u00e9rdek\u00e9ben, hogy a kapcsolatot a helyi \u00f6nkorm\u00e1nyzattal elm\u00e9ly\u00edts\u00e9k, illetve elkezdj\u00e9k a k\u00f6z\u00f6s egy\u00fcttm\u0171k\u00f6d\u00e9st, a di\u00e1ktan\u00e1cs n\u00e9h\u00e1ny k\u00e9pvisel\u0151je r\u00e9szt vett egy megbesz\u00e9l\u00e9sen a v\u00e1rosh\u00e1z\u00e1n. A a tal\u00e1lkoz\u00f3 sor\u00e1n k\u00f6rbej\u00e1rt\u00e1k az int\u00e9zm\u00e9ny minden r\u00e9szleg\u00e9t, elm\u00e9ly\u00edtett\u00e9k tud\u00e1sukat az \u00f6nkorm\u00e1nyzati strukt\u00far\u00e1t illet\u0151en, illetve bemutatt\u00e1k annak a kutat\u00e1snak az eredm\u00e9nyeit, amelyet m\u00e9g febru\u00e1rban kezdtek el. A kutat\u00e1s egy olyan k\u00f6z\u00f6ss\u00e9gi t\u00e9r kialak\u00edt\u00e1s\u00e1ra ir\u00e1nyul, ahol a fiatalok akt\u00edvan t\u00f6lthetik szabadidej\u00fcket.<br \/><img loading=\"lazy\" class=\"aligncenter  wp-image-11612\" src=\"https:\/\/www.ata-ro.eu\/wp-content\/uploads\/2024\/09\/IMG-20240118-WA0004-1024x768.jpg\" alt=\"\" width=\"391\" height=\"293\" srcset=\"https:\/\/www.ata-ro.eu\/wp-content\/uploads\/2024\/09\/IMG-20240118-WA0004-1024x768.jpg 1024w, https:\/\/www.ata-ro.eu\/wp-content\/uploads\/2024\/09\/IMG-20240118-WA0004-300x225.jpg 300w, https:\/\/www.ata-ro.eu\/wp-content\/uploads\/2024\/09\/IMG-20240118-WA0004-768x576.jpg 768w, https:\/\/www.ata-ro.eu\/wp-content\/uploads\/2024\/09\/IMG-20240118-WA0004-1536x1152.jpg 1536w, https:\/\/www.ata-ro.eu\/wp-content\/uploads\/2024\/09\/IMG-20240118-WA0004-733x550.jpg 733w, https:\/\/www.ata-ro.eu\/wp-content\/uploads\/2024\/09\/IMG-20240118-WA0004-1467x1100.jpg 1467w, https:\/\/www.ata-ro.eu\/wp-content\/uploads\/2024\/09\/IMG-20240118-WA0004-80x60.jpg 80w, https:\/\/www.ata-ro.eu\/wp-content\/uploads\/2024\/09\/IMG-20240118-WA0004-160x120.jpg 160w, https:\/\/www.ata-ro.eu\/wp-content\/uploads\/2024\/09\/IMG-20240118-WA0004.jpg 2048w\" sizes=\"(max-width: 391px) 100vw, 391px\" \/><\/p><p>A di\u00e1ktan\u00e1cs m\u00e1r k\u00e9sz\u00fcl egy esem\u00e9nynapt\u00e1rral is, hiszen m\u00e1r k\u00e9szek arra, hogy saj\u00e1t \u00f6tleteiket is kivitelezz\u00e9k v\u00e1rosszinten. Hamarosan ezekr\u0151l is besz\u00e1molunk, addig is k\u00f6vess\u00e9tek k\u00f6z\u00f6ss\u00e9gi m\u00e9dia fel\u00fcleteinket, weboldalunkat a friss inform\u00e1ci\u00f3k\u00e9rt.<\/p>","protected":false},"excerpt":{"rendered":"<p>Mint arr\u00f3l k\u00f6z\u00f6ss\u00e9gi m\u00e9dia oldalainkon besz\u00e1moltunk m\u00e1r t\u00f6bbsz\u00f6r, okt\u00f3berben az Eur\u00f3pai Ifj\u00fas\u00e1gi Alapnak k\u00f6sz\u00f6nhet\u0151en \u00fatj\u00e1ra ind\u00edtottuk a Sz\u00e9kelykereszt\u00fari V\u00e1rosi Di\u00e1ktan\u00e1csot. C\u00e9lunk nem csup\u00e1n az volt, hogy toborozzunk egy fiatalokb\u00f3l, di\u00e1kokb\u00f3l \u00e1ll\u00f3 csapatot, hanem az is, hogy felruh\u00e1zzuk \u0151ket olyan k\u00e9szs\u00e9gekkel, k\u00e9pess\u00e9gekkel, amelyeknek nagy haszn\u00e1t veszik munk\u00e1ss\u00e1guk sor\u00e1n.Az okt\u00f3bert\u0151l janu\u00e1rig tart\u00f3 id\u0151szakban a fiatalok t\u00f6bb r\u00f6vid k\u00e9pz\u00e9sen \u00e9s el\u0151ad\u00e1son vettek r\u00e9szt, melyek a kommunik\u00e1ci\u00f3, kutat\u00e1s \u00e9s adatelemz\u00e9s, t\u00e1rgyal\u00e1stechnika, d\u00f6nt\u00e9shoz\u00e1s \u00e9s lobbiz\u00e1s, konfliktuskezel\u00e9s t\u00e9mak\u00f6r\u00f6kben. Ezen k\u00edv\u00fcl t\u00f6bb csapat\u00e9p\u00edt\u0151 aktivit\u00e1sra is sor ker\u00fclt az egy\u00fcttm\u0171k\u00f6d\u00e9s kialak\u00edt\u00e1sa \u00e9s fenntart\u00e1sa \u00e9rdek\u00e9ben.M\u00e1r a k\u00e9pz\u00e9sek ideje alatt<a class=\"more-link\" href=\"https:\/\/www.ata-ro.eu\/hu\/hirek\/otleteik-megvalositasan-munkalkodik-a-varosi-diaktanacs.html\">SEE DETAILS <span class=\"more-link-image\"><\/span><span class=\"more-link-hover-image\"><\/span><\/a><\/p>\n","protected":false},"author":1,"featured_media":11612,"comment_status":"closed","ping_status":"closed","sticky":false,"template":"","format":"standard","meta":{"_links_to":"","_links_to_target":""},"categories":[213],"tags":[],"yoast_head":"<!-- This site is optimized with the Yoast SEO plugin v18.2 - https:\/\/yoast.com\/wordpress\/plugins\/seo\/ -->\n<title>\u00d6tleteik megval\u00f3s\u00edt\u00e1s\u00e1n munk\u00e1lkodik a v\u00e1rosi di\u00e1ktan\u00e1cs - Erd\u00e9lyi Ifj\u00fas\u00e1gi Egyes\u00fclet<\/title>\n<meta name=\"robots\" content=\"index, follow, max-snippet:-1, max-image-preview:large, max-video-preview:-1\" \/>\n<link rel=\"canonical\" href=\"https:\/\/www.ata-ro.eu\/hu\/hirek\/otleteik-megvalositasan-munkalkodik-a-varosi-diaktanacs.html\" \/>\n<meta property=\"og:locale\" content=\"hu_HU\" \/>\n<meta property=\"og:type\" content=\"article\" \/>\n<meta property=\"og:title\" content=\"\u00d6tleteik megval\u00f3s\u00edt\u00e1s\u00e1n munk\u00e1lkodik a v\u00e1rosi di\u00e1ktan\u00e1cs - Erd\u00e9lyi Ifj\u00fas\u00e1gi Egyes\u00fclet\" \/>\n<meta property=\"og:description\" content=\"Mint arr\u00f3l k\u00f6z\u00f6ss\u00e9gi m\u00e9dia oldalainkon besz\u00e1moltunk m\u00e1r t\u00f6bbsz\u00f6r, okt\u00f3berben az Eur\u00f3pai Ifj\u00fas\u00e1gi Alapnak k\u00f6sz\u00f6nhet\u0151en \u00fatj\u00e1ra ind\u00edtottuk a Sz\u00e9kelykereszt\u00fari V\u00e1rosi Di\u00e1ktan\u00e1csot. C\u00e9lunk nem csup\u00e1n az volt, hogy toborozzunk egy fiatalokb\u00f3l, di\u00e1kokb\u00f3l \u00e1ll\u00f3 csapatot, hanem az is, hogy felruh\u00e1zzuk \u0151ket olyan k\u00e9szs\u00e9gekkel, k\u00e9pess\u00e9gekkel, amelyeknek nagy haszn\u00e1t veszik munk\u00e1ss\u00e1guk sor\u00e1n.Az okt\u00f3bert\u0151l janu\u00e1rig tart\u00f3 id\u0151szakban a fiatalok t\u00f6bb r\u00f6vid k\u00e9pz\u00e9sen \u00e9s el\u0151ad\u00e1son vettek r\u00e9szt, melyek a kommunik\u00e1ci\u00f3, kutat\u00e1s \u00e9s adatelemz\u00e9s, t\u00e1rgyal\u00e1stechnika, d\u00f6nt\u00e9shoz\u00e1s \u00e9s lobbiz\u00e1s, konfliktuskezel\u00e9s t\u00e9mak\u00f6r\u00f6kben. Ezen k\u00edv\u00fcl t\u00f6bb csapat\u00e9p\u00edt\u0151 aktivit\u00e1sra is sor ker\u00fclt az egy\u00fcttm\u0171k\u00f6d\u00e9s kialak\u00edt\u00e1sa \u00e9s fenntart\u00e1sa \u00e9rdek\u00e9ben.M\u00e1r a k\u00e9pz\u00e9sek ideje alattSEE DETAILS\" \/>\n<meta property=\"og:url\" content=\"https:\/\/www.ata-ro.eu\/hu\/hirek\/otleteik-megvalositasan-munkalkodik-a-varosi-diaktanacs.html\" \/>\n<meta property=\"og:site_name\" content=\"Erd\u00e9lyi Ifj\u00fas\u00e1gi Egyes\u00fclet\" \/>\n<meta property=\"article:published_time\" content=\"2024-04-06T11:20:23+00:00\" \/>\n<meta property=\"article:modified_time\" content=\"2024-09-13T11:28:32+00:00\" \/>\n<meta property=\"og:image\" content=\"https:\/\/www.ata-ro.eu\/wp-content\/uploads\/2024\/09\/IMG-20240118-WA0004.jpg\" \/>\n\t<meta property=\"og:image:width\" content=\"2048\" \/>\n\t<meta property=\"og:image:height\" content=\"1536\" \/>\n\t<meta property=\"og:image:type\" content=\"image\/jpeg\" \/>\n<meta name=\"twitter:card\" content=\"summary_large_image\" \/>\n<meta name=\"twitter:label1\" content=\"Szerz\u0151:\" \/>\n\t<meta name=\"twitter:data1\" content=\"admin\" \/>\n\t<meta name=\"twitter:label2\" content=\"Becs\u00fclt olvas\u00e1si id\u0151\" \/>\n\t<meta name=\"twitter:data2\" content=\"2 perc\" \/>\n<script type=\"application\/ld+json\" class=\"yoast-schema-graph\">{\"@context\":\"https:\/\/schema.org\",\"@graph\":[{\"@type\":\"WebSite\",\"@id\":\"https:\/\/www.ata-ro.eu\/hu#website\",\"url\":\"https:\/\/www.ata-ro.eu\/hu\",\"name\":\"Erd\u00e9lyi Ifj\u00fas\u00e1gi Egyes\u00fclet\",\"description\":\"\",\"potentialAction\":[{\"@type\":\"SearchAction\",\"target\":{\"@type\":\"EntryPoint\",\"urlTemplate\":\"https:\/\/www.ata-ro.eu\/hu?s={search_term_string}\"},\"query-input\":\"required name=search_term_string\"}],\"inLanguage\":\"hu\"},{\"@type\":\"ImageObject\",\"@id\":\"https:\/\/www.ata-ro.eu\/hu\/hirek\/otleteik-megvalositasan-munkalkodik-a-varosi-diaktanacs.html#primaryimage\",\"inLanguage\":\"hu\",\"url\":\"https:\/\/www.ata-ro.eu\/wp-content\/uploads\/2024\/09\/IMG-20240118-WA0004.jpg\",\"contentUrl\":\"https:\/\/www.ata-ro.eu\/wp-content\/uploads\/2024\/09\/IMG-20240118-WA0004.jpg\",\"width\":2048,\"height\":1536},{\"@type\":\"WebPage\",\"@id\":\"https:\/\/www.ata-ro.eu\/hu\/hirek\/otleteik-megvalositasan-munkalkodik-a-varosi-diaktanacs.html#webpage\",\"url\":\"https:\/\/www.ata-ro.eu\/hu\/hirek\/otleteik-megvalositasan-munkalkodik-a-varosi-diaktanacs.html\",\"name\":\"\u00d6tleteik megval\u00f3s\u00edt\u00e1s\u00e1n munk\u00e1lkodik a v\u00e1rosi di\u00e1ktan\u00e1cs - Erd\u00e9lyi Ifj\u00fas\u00e1gi Egyes\u00fclet\",\"isPartOf\":{\"@id\":\"https:\/\/www.ata-ro.eu\/hu#website\"},\"primaryImageOfPage\":{\"@id\":\"https:\/\/www.ata-ro.eu\/hu\/hirek\/otleteik-megvalositasan-munkalkodik-a-varosi-diaktanacs.html#primaryimage\"},\"datePublished\":\"2024-04-06T11:20:23+00:00\",\"dateModified\":\"2024-09-13T11:28:32+00:00\",\"author\":{\"@id\":\"https:\/\/www.ata-ro.eu\/hu#\/schema\/person\/ffeae12efe8d0ed10e9319474a7ec96c\"},\"breadcrumb\":{\"@id\":\"https:\/\/www.ata-ro.eu\/hu\/hirek\/otleteik-megvalositasan-munkalkodik-a-varosi-diaktanacs.html#breadcrumb\"},\"inLanguage\":\"hu\",\"potentialAction\":[{\"@type\":\"ReadAction\",\"target\":[\"https:\/\/www.ata-ro.eu\/hu\/hirek\/otleteik-megvalositasan-munkalkodik-a-varosi-diaktanacs.html\"]}]},{\"@type\":\"BreadcrumbList\",\"@id\":\"https:\/\/www.ata-ro.eu\/hu\/hirek\/otleteik-megvalositasan-munkalkodik-a-varosi-diaktanacs.html#breadcrumb\",\"itemListElement\":[{\"@type\":\"ListItem\",\"position\":1,\"name\":\"Home\",\"item\":\"https:\/\/www.ata-ro.eu\/hu\"},{\"@type\":\"ListItem\",\"position\":2,\"name\":\"\u00d6tleteik megval\u00f3s\u00edt\u00e1s\u00e1n munk\u00e1lkodik a v\u00e1rosi di\u00e1ktan\u00e1cs\"}]},{\"@type\":\"Person\",\"@id\":\"https:\/\/www.ata-ro.eu\/hu#\/schema\/person\/ffeae12efe8d0ed10e9319474a7ec96c\",\"name\":\"admin\",\"image\":{\"@type\":\"ImageObject\",\"@id\":\"https:\/\/www.ata-ro.eu\/hu#personlogo\",\"inLanguage\":\"hu\",\"url\":\"https:\/\/secure.gravatar.com\/avatar\/05b44965b6d2a25d684a33cf56408aa8?s=96&d=mm&r=g\",\"contentUrl\":\"https:\/\/secure.gravatar.com\/avatar\/05b44965b6d2a25d684a33cf56408aa8?s=96&d=mm&r=g\",\"caption\":\"admin\"},\"url\":\"https:\/\/www.ata-ro.eu\/hu\/author\/admin\"}]}<\/script>\n<!-- \/ Yoast SEO plugin. -->","yoast_head_json":{"title":"\u00d6tleteik megval\u00f3s\u00edt\u00e1s\u00e1n munk\u00e1lkodik a v\u00e1rosi di\u00e1ktan\u00e1cs - Erd\u00e9lyi Ifj\u00fas\u00e1gi Egyes\u00fclet","robots":{"index":"index","follow":"follow","max-snippet":"max-snippet:-1","max-image-preview":"max-image-preview:large","max-video-preview":"max-video-preview:-1"},"canonical":"https:\/\/www.ata-ro.eu\/hu\/hirek\/otleteik-megvalositasan-munkalkodik-a-varosi-diaktanacs.html","og_locale":"hu_HU","og_type":"article","og_title":"\u00d6tleteik megval\u00f3s\u00edt\u00e1s\u00e1n munk\u00e1lkodik a v\u00e1rosi di\u00e1ktan\u00e1cs - Erd\u00e9lyi Ifj\u00fas\u00e1gi Egyes\u00fclet","og_description":"Mint arr\u00f3l k\u00f6z\u00f6ss\u00e9gi m\u00e9dia oldalainkon besz\u00e1moltunk m\u00e1r t\u00f6bbsz\u00f6r, okt\u00f3berben az Eur\u00f3pai Ifj\u00fas\u00e1gi Alapnak k\u00f6sz\u00f6nhet\u0151en \u00fatj\u00e1ra ind\u00edtottuk a Sz\u00e9kelykereszt\u00fari V\u00e1rosi Di\u00e1ktan\u00e1csot. C\u00e9lunk nem csup\u00e1n az volt, hogy toborozzunk egy fiatalokb\u00f3l, di\u00e1kokb\u00f3l \u00e1ll\u00f3 csapatot, hanem az is, hogy felruh\u00e1zzuk \u0151ket olyan k\u00e9szs\u00e9gekkel, k\u00e9pess\u00e9gekkel, amelyeknek nagy haszn\u00e1t veszik munk\u00e1ss\u00e1guk sor\u00e1n.Az okt\u00f3bert\u0151l janu\u00e1rig tart\u00f3 id\u0151szakban a fiatalok t\u00f6bb r\u00f6vid k\u00e9pz\u00e9sen \u00e9s el\u0151ad\u00e1son vettek r\u00e9szt, melyek a kommunik\u00e1ci\u00f3, kutat\u00e1s \u00e9s adatelemz\u00e9s, t\u00e1rgyal\u00e1stechnika, d\u00f6nt\u00e9shoz\u00e1s \u00e9s lobbiz\u00e1s, konfliktuskezel\u00e9s t\u00e9mak\u00f6r\u00f6kben. Ezen k\u00edv\u00fcl t\u00f6bb csapat\u00e9p\u00edt\u0151 aktivit\u00e1sra is sor ker\u00fclt az egy\u00fcttm\u0171k\u00f6d\u00e9s kialak\u00edt\u00e1sa \u00e9s fenntart\u00e1sa \u00e9rdek\u00e9ben.M\u00e1r a k\u00e9pz\u00e9sek ideje alattSEE DETAILS","og_url":"https:\/\/www.ata-ro.eu\/hu\/hirek\/otleteik-megvalositasan-munkalkodik-a-varosi-diaktanacs.html","og_site_name":"Erd\u00e9lyi Ifj\u00fas\u00e1gi Egyes\u00fclet","article_published_time":"2024-04-06T11:20:23+00:00","article_modified_time":"2024-09-13T11:28:32+00:00","og_image":[{"width":2048,"height":1536,"url":"https:\/\/www.ata-ro.eu\/wp-content\/uploads\/2024\/09\/IMG-20240118-WA0004.jpg","type":"image\/jpeg"}],"twitter_card":"summary_large_image","twitter_misc":{"Szerz\u0151:":"admin","Becs\u00fclt olvas\u00e1si id\u0151":"2 perc"},"schema":{"@context":"https:\/\/schema.org","@graph":[{"@type":"WebSite","@id":"https:\/\/www.ata-ro.eu\/hu#website","url":"https:\/\/www.ata-ro.eu\/hu","name":"Erd\u00e9lyi Ifj\u00fas\u00e1gi Egyes\u00fclet","description":"","potentialAction":[{"@type":"SearchAction","target":{"@type":"EntryPoint","urlTemplate":"https:\/\/www.ata-ro.eu\/hu?s={search_term_string}"},"query-input":"required name=search_term_string"}],"inLanguage":"hu"},{"@type":"ImageObject","@id":"https:\/\/www.ata-ro.eu\/hu\/hirek\/otleteik-megvalositasan-munkalkodik-a-varosi-diaktanacs.html#primaryimage","inLanguage":"hu","url":"https:\/\/www.ata-ro.eu\/wp-content\/uploads\/2024\/09\/IMG-20240118-WA0004.jpg","contentUrl":"https:\/\/www.ata-ro.eu\/wp-content\/uploads\/2024\/09\/IMG-20240118-WA0004.jpg","width":2048,"height":1536},{"@type":"WebPage","@id":"https:\/\/www.ata-ro.eu\/hu\/hirek\/otleteik-megvalositasan-munkalkodik-a-varosi-diaktanacs.html#webpage","url":"https:\/\/www.ata-ro.eu\/hu\/hirek\/otleteik-megvalositasan-munkalkodik-a-varosi-diaktanacs.html","name":"\u00d6tleteik megval\u00f3s\u00edt\u00e1s\u00e1n munk\u00e1lkodik a v\u00e1rosi di\u00e1ktan\u00e1cs - Erd\u00e9lyi Ifj\u00fas\u00e1gi Egyes\u00fclet","isPartOf":{"@id":"https:\/\/www.ata-ro.eu\/hu#website"},"primaryImageOfPage":{"@id":"https:\/\/www.ata-ro.eu\/hu\/hirek\/otleteik-megvalositasan-munkalkodik-a-varosi-diaktanacs.html#primaryimage"},"datePublished":"2024-04-06T11:20:23+00:00","dateModified":"2024-09-13T11:28:32+00:00","author":{"@id":"https:\/\/www.ata-ro.eu\/hu#\/schema\/person\/ffeae12efe8d0ed10e9319474a7ec96c"},"breadcrumb":{"@id":"https:\/\/www.ata-ro.eu\/hu\/hirek\/otleteik-megvalositasan-munkalkodik-a-varosi-diaktanacs.html#breadcrumb"},"inLanguage":"hu","potentialAction":[{"@type":"ReadAction","target":["https:\/\/www.ata-ro.eu\/hu\/hirek\/otleteik-megvalositasan-munkalkodik-a-varosi-diaktanacs.html"]}]},{"@type":"BreadcrumbList","@id":"https:\/\/www.ata-ro.eu\/hu\/hirek\/otleteik-megvalositasan-munkalkodik-a-varosi-diaktanacs.html#breadcrumb","itemListElement":[{"@type":"ListItem","position":1,"name":"Home","item":"https:\/\/www.ata-ro.eu\/hu"},{"@type":"ListItem","position":2,"name":"\u00d6tleteik megval\u00f3s\u00edt\u00e1s\u00e1n munk\u00e1lkodik a v\u00e1rosi di\u00e1ktan\u00e1cs"}]},{"@type":"Person","@id":"https:\/\/www.ata-ro.eu\/hu#\/schema\/person\/ffeae12efe8d0ed10e9319474a7ec96c","name":"admin","image":{"@type":"ImageObject","@id":"https:\/\/www.ata-ro.eu\/hu#personlogo","inLanguage":"hu","url":"https:\/\/secure.gravatar.com\/avatar\/05b44965b6d2a25d684a33cf56408aa8?s=96&d=mm&r=g","contentUrl":"https:\/\/secure.gravatar.com\/avatar\/05b44965b6d2a25d684a33cf56408aa8?s=96&d=mm&r=g","caption":"admin"},"url":"https:\/\/www.ata-ro.eu\/hu\/author\/admin"}]}},"_links":{"self":[{"href":"https:\/\/www.ata-ro.eu\/hu\/wp-json\/wp\/v2\/posts\/11618"}],"collection":[{"href":"https:\/\/www.ata-ro.eu\/hu\/wp-json\/wp\/v2\/posts"}],"about":[{"href":"https:\/\/www.ata-ro.eu\/hu\/wp-json\/wp\/v2\/types\/post"}],"author":[{"embeddable":true,"href":"https:\/\/www.ata-ro.eu\/hu\/wp-json\/wp\/v2\/users\/1"}],"replies":[{"embeddable":true,"href":"https:\/\/www.ata-ro.eu\/hu\/wp-json\/wp\/v2\/comments?post=11618"}],"version-history":[{"count":1,"href":"https:\/\/www.ata-ro.eu\/hu\/wp-json\/wp\/v2\/posts\/11618\/revisions"}],"predecessor-version":[{"id":11619,"href":"https:\/\/www.ata-ro.eu\/hu\/wp-json\/wp\/v2\/posts\/11618\/revisions\/11619"}],"wp:featuredmedia":[{"embeddable":true,"href":"https:\/\/www.ata-ro.eu\/hu\/wp-json\/wp\/v2\/media\/11612"}],"wp:attachment":[{"href":"https:\/\/www.ata-ro.eu\/hu\/wp-json\/wp\/v2\/media?parent=11618"}],"wp:term":[{"taxonomy":"category","embeddable":true,"href":"https:\/\/www.ata-ro.eu\/hu\/wp-json\/wp\/v2\/categories?post=11618"},{"taxonomy":"post_tag","embeddable":true,"href":"https:\/\/www.ata-ro.eu\/hu\/wp-json\/wp\/v2\/tags?post=11618"}],"curies":[{"name":"wp","href":"https:\/\/api.w.org\/{rel}","templated":true}]}}