{"id":13417,"date":"2025-08-15T14:41:14","date_gmt":"2025-08-15T11:41:14","guid":{"rendered":"https:\/\/www.ata-ro.eu\/?p=13417"},"modified":"2025-09-30T14:49:45","modified_gmt":"2025-09-30T11:49:45","slug":"youthinc-unnepeljuk-a-hetkoznapi-hosoket-europa-szerte","status":"publish","type":"post","link":"https:\/\/www.ata-ro.eu\/hu\/hirek\/youthinc-unnepeljuk-a-hetkoznapi-hosoket-europa-szerte.html","title":{"rendered":"YouthINC: \u00dcnnepelj\u00fck a h\u00e9tk\u00f6znapi h\u0151s\u00f6ket Eur\u00f3pa-szerte"},"content":{"rendered":"<p data-start=\"126\" data-end=\"553\">A <strong data-start=\"128\" data-end=\"148\">YouthINC projekt<\/strong> egyik legnagyobb m\u00e9rf\u00f6ldk\u00f6v\u00e9hez \u00e9rkezt\u00fcnk: partnereinkkel egy\u00fctt felt\u00e9rk\u00e9pezt\u00fck \u00e9s megosztottuk h\u00e1rom-h\u00e1rom helyi h\u0151s inspir\u00e1l\u00f3 t\u00f6rt\u00e9net\u00e9t minden r\u00e9sztvev\u0151 orsz\u00e1gb\u00f3l (n\u00e9v szerint Alb\u00e1nia, Izrael, Koszov\u00f3, N\u00e9metorsz\u00e1g, Magyarorsz\u00e1g \u00e9s Rom\u00e1nia). Ezek az \u00e9letutak mostant\u00f3l b\u00e1rki sz\u00e1m\u00e1ra el\u00e9rhet\u0151k az <a class=\"decorated-link\" href=\"https:\/\/izi.travel\/en\/browse\/3d5edd67-5c8e-455b-aa1a-a4e6e8b46edb\/en\" target=\"_blank\" rel=\"noopener\" data-start=\"370\" data-end=\"463\">izi.TRAVEL platformon<\/a>, \u00edgy az \u00f6r\u00f6ks\u00e9g\u00fck \u00e9l\u0151 \u00e9s k\u00f6nnyen hozz\u00e1f\u00e9rhet\u0151 forr\u00e1ss\u00e1 v\u00e1lik a j\u00f6v\u0151 gener\u00e1ci\u00f3i sz\u00e1m\u00e1ra.<br \/><br \/><img loading=\"lazy\" class=\"size-large wp-image-13406 aligncenter\" src=\"https:\/\/www.ata-ro.eu\/wp-content\/uploads\/2025\/09\/YouthINC-heroes-819x1024.jpg\" alt=\"\" width=\"819\" height=\"1024\" srcset=\"https:\/\/www.ata-ro.eu\/wp-content\/uploads\/2025\/09\/YouthINC-heroes-819x1024.jpg 819w, https:\/\/www.ata-ro.eu\/wp-content\/uploads\/2025\/09\/YouthINC-heroes-240x300.jpg 240w, https:\/\/www.ata-ro.eu\/wp-content\/uploads\/2025\/09\/YouthINC-heroes-768x960.jpg 768w, https:\/\/www.ata-ro.eu\/wp-content\/uploads\/2025\/09\/YouthINC-heroes-1229x1536.jpg 1229w, https:\/\/www.ata-ro.eu\/wp-content\/uploads\/2025\/09\/YouthINC-heroes-1638x2048.jpg 1638w, https:\/\/www.ata-ro.eu\/wp-content\/uploads\/2025\/09\/YouthINC-heroes-440x550.jpg 440w, https:\/\/www.ata-ro.eu\/wp-content\/uploads\/2025\/09\/YouthINC-heroes-440x550@2x.jpg 880w, https:\/\/www.ata-ro.eu\/wp-content\/uploads\/2025\/09\/YouthINC-heroes.jpg 1755w\" sizes=\"(max-width: 819px) 100vw, 819px\" \/><\/p><p data-start=\"555\" data-end=\"878\"><br \/>A folyamatot helyi fiatalok vezett\u00e9k, akik el\u0151sz\u00f6r megismerkedtek a h\u0151s\u00f6k fogalm\u00e1val, kutat\u00e1si m\u00f3dszerekkel \u00e9s a <strong data-start=\"668\" data-end=\"707\">projektalap\u00fa tanul\u00e1s (PBL) modellel<\/strong>. Ezekre a k\u00e9szs\u00e9gekre t\u00e1maszkodva fedezt\u00e9k fel, dokument\u00e1lt\u00e1k \u00e9s mutatt\u00e1k be azokat a szem\u00e9lyeket, akik mindennapi tetteikkel maradand\u00f3 hat\u00e1st gyakorolnak k\u00f6z\u00f6ss\u00e9g\u00fckre.<br \/><br \/><\/p><p data-start=\"880\" data-end=\"951\">Rom\u00e1ni\u00e1b\u00f3l h\u00e1rom k\u00fcl\u00f6nleges szem\u00e9lyt emeltek ki a fiatal nagyk\u00f6vetek:<\/p><ul data-start=\"953\" data-end=\"1558\"><li data-start=\"953\" data-end=\"1162\"><p data-start=\"955\" data-end=\"1162\"><strong data-start=\"955\" data-end=\"987\">V\u00e1ri Zsuzsanna (Zsuzsa n\u00e9ni)<\/strong> \u2013 Gy\u00f3gyn\u00f6v\u00e9nygy\u0171jt\u0151 \u00e9s a rugonfalvi szarvasgomba-termeszt\u00e9s \u00fatt\u00f6r\u0151je, aki t\u00f6bb mint 25 \u00e9ve foglalkozik gy\u00f3gyf\u00fcvek feldolgoz\u00e1s\u00e1val, \u00e9s mindig k\u00f6z\u00f6ss\u00e9g\u00e9nek megosztja tud\u00e1s\u00e1t.<\/p><\/li><li data-start=\"1163\" data-end=\"1333\"><p data-start=\"1165\" data-end=\"1333\"><strong data-start=\"1165\" data-end=\"1187\">Szilveszter Andrea<\/strong> \u2013 \u00cdr\u00f3, aki \u0151szint\u00e9n \u00e9s tabuk n\u00e9lk\u00fcl t\u00e1rja fel a n\u0151i sorsokat, k\u00fczdelmeket \u00e9s lelki folyamatokat, ezzel ny\u00fajtva t\u00e1maszt \u00e9s inspir\u00e1ci\u00f3t sokaknak.<\/p><\/li><li data-start=\"1334\" data-end=\"1558\"><p data-start=\"1336\" data-end=\"1558\"><strong data-start=\"1336\" data-end=\"1352\">Bal\u00e1zsi Csaba<\/strong> \u2013 A V\u00f6r\u00f6skereszt elk\u00f6telezett tagja, aki gyerekkora \u00f3ta seg\u00edti embert\u00e1rsait, \u00e9s hisz abban, hogy minden apr\u00f3 j\u00f3cselekedet sz\u00e1m\u00edt. Legnagyobb v\u00e1gya, hogy min\u00e9l t\u00f6bb fiatalt inspir\u00e1ljon a seg\u00edt\u00e9s \u00f6r\u00f6m\u00e9vel.<br \/><br \/><\/p><\/li><\/ul><p data-start=\"1560\" data-end=\"1849\">Ezt a m\u00e9rf\u00f6ldk\u00f6vet tov\u00e1bb \u00fcnnepelt\u00fck <strong data-start=\"1597\" data-end=\"1611\">Alb\u00e1ni\u00e1ban<\/strong>, ahol minden partnerorsz\u00e1g fiatal k\u00e9pvisel\u0151i tal\u00e1lkoztak egy nemzetk\u00f6zi m\u0171helyen. Itt bemutatt\u00e1k egym\u00e1s h\u0151seit, tapasztalatokat osztottak meg, \u00e9s felfedezt\u00e9k azokat a k\u00f6z\u00f6s \u00e9rt\u00e9keket, amelyek hat\u00e1rokon t\u00fal is \u00f6sszek\u00f6tik a k\u00f6z\u00f6ss\u00e9geket.<\/p><p data-start=\"1851\" data-end=\"2063\">A YouthINC projekt bizony\u00edtja, hogy a h\u0151s\u00f6ket nem csak a t\u00f6rt\u00e9nelemk\u00f6nyvekben tal\u00e1ljuk \u2013 hanem k\u00f6zt\u00fcnk \u00e9lnek, a mindennapi b\u00e1tors\u00e1g, kedvess\u00e9g \u00e9s elhivatotts\u00e1g tetteiben, amelyek er\u0151sebb k\u00f6z\u00f6ss\u00e9geket form\u00e1lnak.<br \/><br \/><img loading=\"lazy\" class=\"size-large wp-image-13409 aligncenter\" src=\"https:\/\/www.ata-ro.eu\/wp-content\/uploads\/2025\/09\/WhatsApp-Image-2025-09-30-at-14.28.41_ea72fe95-768x1024.jpg\" alt=\"\" width=\"768\" height=\"1024\" srcset=\"https:\/\/www.ata-ro.eu\/wp-content\/uploads\/2025\/09\/WhatsApp-Image-2025-09-30-at-14.28.41_ea72fe95-768x1024.jpg 768w, https:\/\/www.ata-ro.eu\/wp-content\/uploads\/2025\/09\/WhatsApp-Image-2025-09-30-at-14.28.41_ea72fe95-225x300.jpg 225w, https:\/\/www.ata-ro.eu\/wp-content\/uploads\/2025\/09\/WhatsApp-Image-2025-09-30-at-14.28.41_ea72fe95-1152x1536.jpg 1152w, https:\/\/www.ata-ro.eu\/wp-content\/uploads\/2025\/09\/WhatsApp-Image-2025-09-30-at-14.28.41_ea72fe95-413x550.jpg 413w, https:\/\/www.ata-ro.eu\/wp-content\/uploads\/2025\/09\/WhatsApp-Image-2025-09-30-at-14.28.41_ea72fe95-413x550@2x.jpg 825w, https:\/\/www.ata-ro.eu\/wp-content\/uploads\/2025\/09\/WhatsApp-Image-2025-09-30-at-14.28.41_ea72fe95.jpg 1500w\" sizes=\"(max-width: 768px) 100vw, 768px\" \/><\/p>","protected":false},"excerpt":{"rendered":"<p>A YouthINC projekt egyik legnagyobb m\u00e9rf\u00f6ldk\u00f6v\u00e9hez \u00e9rkezt\u00fcnk: partnereinkkel egy\u00fctt felt\u00e9rk\u00e9pezt\u00fck \u00e9s megosztottuk h\u00e1rom-h\u00e1rom helyi h\u0151s inspir\u00e1l\u00f3 t\u00f6rt\u00e9net\u00e9t minden r\u00e9sztvev\u0151 orsz\u00e1gb\u00f3l (n\u00e9v szerint Alb\u00e1nia, Izrael, Koszov\u00f3, N\u00e9metorsz\u00e1g, Magyarorsz\u00e1g \u00e9s Rom\u00e1nia). Ezek az \u00e9letutak mostant\u00f3l b\u00e1rki sz\u00e1m\u00e1ra el\u00e9rhet\u0151k az izi.TRAVEL platformon, \u00edgy az \u00f6r\u00f6ks\u00e9g\u00fck \u00e9l\u0151 \u00e9s k\u00f6nnyen hozz\u00e1f\u00e9rhet\u0151 forr\u00e1ss\u00e1 v\u00e1lik a j\u00f6v\u0151 gener\u00e1ci\u00f3i sz\u00e1m\u00e1ra.A folyamatot helyi fiatalok vezett\u00e9k, akik el\u0151sz\u00f6r megismerkedtek a h\u0151s\u00f6k fogalm\u00e1val, kutat\u00e1si m\u00f3dszerekkel \u00e9s a projektalap\u00fa tanul\u00e1s (PBL) modellel. Ezekre a k\u00e9szs\u00e9gekre t\u00e1maszkodva fedezt\u00e9k fel, dokument\u00e1lt\u00e1k \u00e9s mutatt\u00e1k be azokat a szem\u00e9lyeket, akik mindennapi tetteikkel maradand\u00f3 hat\u00e1st gyakorolnak k\u00f6z\u00f6ss\u00e9g\u00fckre.Rom\u00e1ni\u00e1b\u00f3l<a class=\"more-link\" href=\"https:\/\/www.ata-ro.eu\/hu\/hirek\/youthinc-unnepeljuk-a-hetkoznapi-hosoket-europa-szerte.html\">SEE DETAILS <span class=\"more-link-image\"><\/span><span class=\"more-link-hover-image\"><\/span><\/a><\/p>\n","protected":false},"author":1,"featured_media":13406,"comment_status":"closed","ping_status":"closed","sticky":false,"template":"","format":"standard","meta":{"_links_to":"","_links_to_target":""},"categories":[213],"tags":[],"yoast_head":"<!-- This site is optimized with the Yoast SEO plugin v18.2 - https:\/\/yoast.com\/wordpress\/plugins\/seo\/ -->\n<title>YouthINC: \u00dcnnepelj\u00fck a h\u00e9tk\u00f6znapi h\u0151s\u00f6ket Eur\u00f3pa-szerte - Erd\u00e9lyi Ifj\u00fas\u00e1gi Egyes\u00fclet<\/title>\n<meta name=\"robots\" content=\"index, follow, max-snippet:-1, max-image-preview:large, max-video-preview:-1\" \/>\n<link rel=\"canonical\" href=\"https:\/\/www.ata-ro.eu\/hu\/hirek\/youthinc-unnepeljuk-a-hetkoznapi-hosoket-europa-szerte.html\" \/>\n<meta property=\"og:locale\" content=\"hu_HU\" \/>\n<meta property=\"og:type\" content=\"article\" \/>\n<meta property=\"og:title\" content=\"YouthINC: \u00dcnnepelj\u00fck a h\u00e9tk\u00f6znapi h\u0151s\u00f6ket Eur\u00f3pa-szerte - Erd\u00e9lyi Ifj\u00fas\u00e1gi Egyes\u00fclet\" \/>\n<meta property=\"og:description\" content=\"A YouthINC projekt egyik legnagyobb m\u00e9rf\u00f6ldk\u00f6v\u00e9hez \u00e9rkezt\u00fcnk: partnereinkkel egy\u00fctt felt\u00e9rk\u00e9pezt\u00fck \u00e9s megosztottuk h\u00e1rom-h\u00e1rom helyi h\u0151s inspir\u00e1l\u00f3 t\u00f6rt\u00e9net\u00e9t minden r\u00e9sztvev\u0151 orsz\u00e1gb\u00f3l (n\u00e9v szerint Alb\u00e1nia, Izrael, Koszov\u00f3, N\u00e9metorsz\u00e1g, Magyarorsz\u00e1g \u00e9s Rom\u00e1nia). Ezek az \u00e9letutak mostant\u00f3l b\u00e1rki sz\u00e1m\u00e1ra el\u00e9rhet\u0151k az izi.TRAVEL platformon, \u00edgy az \u00f6r\u00f6ks\u00e9g\u00fck \u00e9l\u0151 \u00e9s k\u00f6nnyen hozz\u00e1f\u00e9rhet\u0151 forr\u00e1ss\u00e1 v\u00e1lik a j\u00f6v\u0151 gener\u00e1ci\u00f3i sz\u00e1m\u00e1ra.A folyamatot helyi fiatalok vezett\u00e9k, akik el\u0151sz\u00f6r megismerkedtek a h\u0151s\u00f6k fogalm\u00e1val, kutat\u00e1si m\u00f3dszerekkel \u00e9s a projektalap\u00fa tanul\u00e1s (PBL) modellel. Ezekre a k\u00e9szs\u00e9gekre t\u00e1maszkodva fedezt\u00e9k fel, dokument\u00e1lt\u00e1k \u00e9s mutatt\u00e1k be azokat a szem\u00e9lyeket, akik mindennapi tetteikkel maradand\u00f3 hat\u00e1st gyakorolnak k\u00f6z\u00f6ss\u00e9g\u00fckre.Rom\u00e1ni\u00e1b\u00f3lSEE DETAILS\" \/>\n<meta property=\"og:url\" content=\"https:\/\/www.ata-ro.eu\/hu\/hirek\/youthinc-unnepeljuk-a-hetkoznapi-hosoket-europa-szerte.html\" \/>\n<meta property=\"og:site_name\" content=\"Erd\u00e9lyi Ifj\u00fas\u00e1gi Egyes\u00fclet\" \/>\n<meta property=\"article:published_time\" content=\"2025-08-15T11:41:14+00:00\" \/>\n<meta property=\"article:modified_time\" content=\"2025-09-30T11:49:45+00:00\" \/>\n<meta property=\"og:image\" content=\"https:\/\/www.ata-ro.eu\/wp-content\/uploads\/2025\/09\/YouthINC-heroes.jpg\" \/>\n\t<meta property=\"og:image:width\" content=\"1755\" \/>\n\t<meta property=\"og:image:height\" content=\"2194\" \/>\n\t<meta property=\"og:image:type\" content=\"image\/jpeg\" \/>\n<meta name=\"twitter:card\" content=\"summary_large_image\" \/>\n<meta name=\"twitter:label1\" content=\"Szerz\u0151:\" \/>\n\t<meta name=\"twitter:data1\" content=\"admin\" \/>\n\t<meta name=\"twitter:label2\" content=\"Becs\u00fclt olvas\u00e1si id\u0151\" \/>\n\t<meta name=\"twitter:data2\" content=\"2 perc\" \/>\n<script type=\"application\/ld+json\" class=\"yoast-schema-graph\">{\"@context\":\"https:\/\/schema.org\",\"@graph\":[{\"@type\":\"WebSite\",\"@id\":\"https:\/\/www.ata-ro.eu\/hu#website\",\"url\":\"https:\/\/www.ata-ro.eu\/hu\",\"name\":\"Erd\u00e9lyi Ifj\u00fas\u00e1gi Egyes\u00fclet\",\"description\":\"\",\"potentialAction\":[{\"@type\":\"SearchAction\",\"target\":{\"@type\":\"EntryPoint\",\"urlTemplate\":\"https:\/\/www.ata-ro.eu\/hu?s={search_term_string}\"},\"query-input\":\"required name=search_term_string\"}],\"inLanguage\":\"hu\"},{\"@type\":\"ImageObject\",\"@id\":\"https:\/\/www.ata-ro.eu\/hu\/hirek\/youthinc-unnepeljuk-a-hetkoznapi-hosoket-europa-szerte.html#primaryimage\",\"inLanguage\":\"hu\",\"url\":\"https:\/\/www.ata-ro.eu\/wp-content\/uploads\/2025\/09\/YouthINC-heroes.jpg\",\"contentUrl\":\"https:\/\/www.ata-ro.eu\/wp-content\/uploads\/2025\/09\/YouthINC-heroes.jpg\",\"width\":1755,\"height\":2194},{\"@type\":\"WebPage\",\"@id\":\"https:\/\/www.ata-ro.eu\/hu\/hirek\/youthinc-unnepeljuk-a-hetkoznapi-hosoket-europa-szerte.html#webpage\",\"url\":\"https:\/\/www.ata-ro.eu\/hu\/hirek\/youthinc-unnepeljuk-a-hetkoznapi-hosoket-europa-szerte.html\",\"name\":\"YouthINC: \u00dcnnepelj\u00fck a h\u00e9tk\u00f6znapi h\u0151s\u00f6ket Eur\u00f3pa-szerte - Erd\u00e9lyi Ifj\u00fas\u00e1gi Egyes\u00fclet\",\"isPartOf\":{\"@id\":\"https:\/\/www.ata-ro.eu\/hu#website\"},\"primaryImageOfPage\":{\"@id\":\"https:\/\/www.ata-ro.eu\/hu\/hirek\/youthinc-unnepeljuk-a-hetkoznapi-hosoket-europa-szerte.html#primaryimage\"},\"datePublished\":\"2025-08-15T11:41:14+00:00\",\"dateModified\":\"2025-09-30T11:49:45+00:00\",\"author\":{\"@id\":\"https:\/\/www.ata-ro.eu\/hu#\/schema\/person\/ffeae12efe8d0ed10e9319474a7ec96c\"},\"breadcrumb\":{\"@id\":\"https:\/\/www.ata-ro.eu\/hu\/hirek\/youthinc-unnepeljuk-a-hetkoznapi-hosoket-europa-szerte.html#breadcrumb\"},\"inLanguage\":\"hu\",\"potentialAction\":[{\"@type\":\"ReadAction\",\"target\":[\"https:\/\/www.ata-ro.eu\/hu\/hirek\/youthinc-unnepeljuk-a-hetkoznapi-hosoket-europa-szerte.html\"]}]},{\"@type\":\"BreadcrumbList\",\"@id\":\"https:\/\/www.ata-ro.eu\/hu\/hirek\/youthinc-unnepeljuk-a-hetkoznapi-hosoket-europa-szerte.html#breadcrumb\",\"itemListElement\":[{\"@type\":\"ListItem\",\"position\":1,\"name\":\"Home\",\"item\":\"https:\/\/www.ata-ro.eu\/hu\"},{\"@type\":\"ListItem\",\"position\":2,\"name\":\"YouthINC: \u00dcnnepelj\u00fck a h\u00e9tk\u00f6znapi h\u0151s\u00f6ket Eur\u00f3pa-szerte\"}]},{\"@type\":\"Person\",\"@id\":\"https:\/\/www.ata-ro.eu\/hu#\/schema\/person\/ffeae12efe8d0ed10e9319474a7ec96c\",\"name\":\"admin\",\"image\":{\"@type\":\"ImageObject\",\"@id\":\"https:\/\/www.ata-ro.eu\/hu#personlogo\",\"inLanguage\":\"hu\",\"url\":\"https:\/\/secure.gravatar.com\/avatar\/05b44965b6d2a25d684a33cf56408aa8?s=96&d=mm&r=g\",\"contentUrl\":\"https:\/\/secure.gravatar.com\/avatar\/05b44965b6d2a25d684a33cf56408aa8?s=96&d=mm&r=g\",\"caption\":\"admin\"},\"url\":\"https:\/\/www.ata-ro.eu\/hu\/author\/admin\"}]}<\/script>\n<!-- \/ Yoast SEO plugin. -->","yoast_head_json":{"title":"YouthINC: \u00dcnnepelj\u00fck a h\u00e9tk\u00f6znapi h\u0151s\u00f6ket Eur\u00f3pa-szerte - Erd\u00e9lyi Ifj\u00fas\u00e1gi Egyes\u00fclet","robots":{"index":"index","follow":"follow","max-snippet":"max-snippet:-1","max-image-preview":"max-image-preview:large","max-video-preview":"max-video-preview:-1"},"canonical":"https:\/\/www.ata-ro.eu\/hu\/hirek\/youthinc-unnepeljuk-a-hetkoznapi-hosoket-europa-szerte.html","og_locale":"hu_HU","og_type":"article","og_title":"YouthINC: \u00dcnnepelj\u00fck a h\u00e9tk\u00f6znapi h\u0151s\u00f6ket Eur\u00f3pa-szerte - Erd\u00e9lyi Ifj\u00fas\u00e1gi Egyes\u00fclet","og_description":"A YouthINC projekt egyik legnagyobb m\u00e9rf\u00f6ldk\u00f6v\u00e9hez \u00e9rkezt\u00fcnk: partnereinkkel egy\u00fctt felt\u00e9rk\u00e9pezt\u00fck \u00e9s megosztottuk h\u00e1rom-h\u00e1rom helyi h\u0151s inspir\u00e1l\u00f3 t\u00f6rt\u00e9net\u00e9t minden r\u00e9sztvev\u0151 orsz\u00e1gb\u00f3l (n\u00e9v szerint Alb\u00e1nia, Izrael, Koszov\u00f3, N\u00e9metorsz\u00e1g, Magyarorsz\u00e1g \u00e9s Rom\u00e1nia). Ezek az \u00e9letutak mostant\u00f3l b\u00e1rki sz\u00e1m\u00e1ra el\u00e9rhet\u0151k az izi.TRAVEL platformon, \u00edgy az \u00f6r\u00f6ks\u00e9g\u00fck \u00e9l\u0151 \u00e9s k\u00f6nnyen hozz\u00e1f\u00e9rhet\u0151 forr\u00e1ss\u00e1 v\u00e1lik a j\u00f6v\u0151 gener\u00e1ci\u00f3i sz\u00e1m\u00e1ra.A folyamatot helyi fiatalok vezett\u00e9k, akik el\u0151sz\u00f6r megismerkedtek a h\u0151s\u00f6k fogalm\u00e1val, kutat\u00e1si m\u00f3dszerekkel \u00e9s a projektalap\u00fa tanul\u00e1s (PBL) modellel. Ezekre a k\u00e9szs\u00e9gekre t\u00e1maszkodva fedezt\u00e9k fel, dokument\u00e1lt\u00e1k \u00e9s mutatt\u00e1k be azokat a szem\u00e9lyeket, akik mindennapi tetteikkel maradand\u00f3 hat\u00e1st gyakorolnak k\u00f6z\u00f6ss\u00e9g\u00fckre.Rom\u00e1ni\u00e1b\u00f3lSEE DETAILS","og_url":"https:\/\/www.ata-ro.eu\/hu\/hirek\/youthinc-unnepeljuk-a-hetkoznapi-hosoket-europa-szerte.html","og_site_name":"Erd\u00e9lyi Ifj\u00fas\u00e1gi Egyes\u00fclet","article_published_time":"2025-08-15T11:41:14+00:00","article_modified_time":"2025-09-30T11:49:45+00:00","og_image":[{"width":1755,"height":2194,"url":"https:\/\/www.ata-ro.eu\/wp-content\/uploads\/2025\/09\/YouthINC-heroes.jpg","type":"image\/jpeg"}],"twitter_card":"summary_large_image","twitter_misc":{"Szerz\u0151:":"admin","Becs\u00fclt olvas\u00e1si id\u0151":"2 perc"},"schema":{"@context":"https:\/\/schema.org","@graph":[{"@type":"WebSite","@id":"https:\/\/www.ata-ro.eu\/hu#website","url":"https:\/\/www.ata-ro.eu\/hu","name":"Erd\u00e9lyi Ifj\u00fas\u00e1gi Egyes\u00fclet","description":"","potentialAction":[{"@type":"SearchAction","target":{"@type":"EntryPoint","urlTemplate":"https:\/\/www.ata-ro.eu\/hu?s={search_term_string}"},"query-input":"required name=search_term_string"}],"inLanguage":"hu"},{"@type":"ImageObject","@id":"https:\/\/www.ata-ro.eu\/hu\/hirek\/youthinc-unnepeljuk-a-hetkoznapi-hosoket-europa-szerte.html#primaryimage","inLanguage":"hu","url":"https:\/\/www.ata-ro.eu\/wp-content\/uploads\/2025\/09\/YouthINC-heroes.jpg","contentUrl":"https:\/\/www.ata-ro.eu\/wp-content\/uploads\/2025\/09\/YouthINC-heroes.jpg","width":1755,"height":2194},{"@type":"WebPage","@id":"https:\/\/www.ata-ro.eu\/hu\/hirek\/youthinc-unnepeljuk-a-hetkoznapi-hosoket-europa-szerte.html#webpage","url":"https:\/\/www.ata-ro.eu\/hu\/hirek\/youthinc-unnepeljuk-a-hetkoznapi-hosoket-europa-szerte.html","name":"YouthINC: \u00dcnnepelj\u00fck a h\u00e9tk\u00f6znapi h\u0151s\u00f6ket Eur\u00f3pa-szerte - Erd\u00e9lyi Ifj\u00fas\u00e1gi Egyes\u00fclet","isPartOf":{"@id":"https:\/\/www.ata-ro.eu\/hu#website"},"primaryImageOfPage":{"@id":"https:\/\/www.ata-ro.eu\/hu\/hirek\/youthinc-unnepeljuk-a-hetkoznapi-hosoket-europa-szerte.html#primaryimage"},"datePublished":"2025-08-15T11:41:14+00:00","dateModified":"2025-09-30T11:49:45+00:00","author":{"@id":"https:\/\/www.ata-ro.eu\/hu#\/schema\/person\/ffeae12efe8d0ed10e9319474a7ec96c"},"breadcrumb":{"@id":"https:\/\/www.ata-ro.eu\/hu\/hirek\/youthinc-unnepeljuk-a-hetkoznapi-hosoket-europa-szerte.html#breadcrumb"},"inLanguage":"hu","potentialAction":[{"@type":"ReadAction","target":["https:\/\/www.ata-ro.eu\/hu\/hirek\/youthinc-unnepeljuk-a-hetkoznapi-hosoket-europa-szerte.html"]}]},{"@type":"BreadcrumbList","@id":"https:\/\/www.ata-ro.eu\/hu\/hirek\/youthinc-unnepeljuk-a-hetkoznapi-hosoket-europa-szerte.html#breadcrumb","itemListElement":[{"@type":"ListItem","position":1,"name":"Home","item":"https:\/\/www.ata-ro.eu\/hu"},{"@type":"ListItem","position":2,"name":"YouthINC: \u00dcnnepelj\u00fck a h\u00e9tk\u00f6znapi h\u0151s\u00f6ket Eur\u00f3pa-szerte"}]},{"@type":"Person","@id":"https:\/\/www.ata-ro.eu\/hu#\/schema\/person\/ffeae12efe8d0ed10e9319474a7ec96c","name":"admin","image":{"@type":"ImageObject","@id":"https:\/\/www.ata-ro.eu\/hu#personlogo","inLanguage":"hu","url":"https:\/\/secure.gravatar.com\/avatar\/05b44965b6d2a25d684a33cf56408aa8?s=96&d=mm&r=g","contentUrl":"https:\/\/secure.gravatar.com\/avatar\/05b44965b6d2a25d684a33cf56408aa8?s=96&d=mm&r=g","caption":"admin"},"url":"https:\/\/www.ata-ro.eu\/hu\/author\/admin"}]}},"_links":{"self":[{"href":"https:\/\/www.ata-ro.eu\/hu\/wp-json\/wp\/v2\/posts\/13417"}],"collection":[{"href":"https:\/\/www.ata-ro.eu\/hu\/wp-json\/wp\/v2\/posts"}],"about":[{"href":"https:\/\/www.ata-ro.eu\/hu\/wp-json\/wp\/v2\/types\/post"}],"author":[{"embeddable":true,"href":"https:\/\/www.ata-ro.eu\/hu\/wp-json\/wp\/v2\/users\/1"}],"replies":[{"embeddable":true,"href":"https:\/\/www.ata-ro.eu\/hu\/wp-json\/wp\/v2\/comments?post=13417"}],"version-history":[{"count":2,"href":"https:\/\/www.ata-ro.eu\/hu\/wp-json\/wp\/v2\/posts\/13417\/revisions"}],"predecessor-version":[{"id":13420,"href":"https:\/\/www.ata-ro.eu\/hu\/wp-json\/wp\/v2\/posts\/13417\/revisions\/13420"}],"wp:featuredmedia":[{"embeddable":true,"href":"https:\/\/www.ata-ro.eu\/hu\/wp-json\/wp\/v2\/media\/13406"}],"wp:attachment":[{"href":"https:\/\/www.ata-ro.eu\/hu\/wp-json\/wp\/v2\/media?parent=13417"}],"wp:term":[{"taxonomy":"category","embeddable":true,"href":"https:\/\/www.ata-ro.eu\/hu\/wp-json\/wp\/v2\/categories?post=13417"},{"taxonomy":"post_tag","embeddable":true,"href":"https:\/\/www.ata-ro.eu\/hu\/wp-json\/wp\/v2\/tags?post=13417"}],"curies":[{"name":"wp","href":"https:\/\/api.w.org\/{rel}","templated":true}]}}