{"id":14560,"date":"2026-04-29T13:16:54","date_gmt":"2026-04-29T10:16:54","guid":{"rendered":"https:\/\/www.ata-ro.eu\/?p=14560"},"modified":"2026-04-29T13:16:54","modified_gmt":"2026-04-29T10:16:54","slug":"onkenteskedes-sziciliaban-legy-reszese-egy-elo-kozossegnek-milenaban","status":"publish","type":"post","link":"https:\/\/www.ata-ro.eu\/hu\/hirek\/onkenteskedes-sziciliaban-legy-reszese-egy-elo-kozossegnek-milenaban.html","title":{"rendered":"\u00d6nk\u00e9ntesked\u00e9s Szic\u00edli\u00e1ban \u2013 L\u00e9gy r\u00e9szese egy \u00e9l\u0151 k\u00f6z\u00f6ss\u00e9gnek Milen\u00e1ban!"},"content":{"rendered":"<p style=\"text-align: left;\"><img loading=\"lazy\" class=\" wp-image-14562 alignleft\" src=\"https:\/\/www.ata-ro.eu\/wp-content\/uploads\/2026\/04\/cserek-k-3-819x1024.png\" alt=\"\" width=\"389\" height=\"486\" srcset=\"https:\/\/www.ata-ro.eu\/wp-content\/uploads\/2026\/04\/cserek-k-3-819x1024.png 819w, https:\/\/www.ata-ro.eu\/wp-content\/uploads\/2026\/04\/cserek-k-3-240x300.png 240w, https:\/\/www.ata-ro.eu\/wp-content\/uploads\/2026\/04\/cserek-k-3-768x960.png 768w, https:\/\/www.ata-ro.eu\/wp-content\/uploads\/2026\/04\/cserek-k-3-440x550.png 440w, https:\/\/www.ata-ro.eu\/wp-content\/uploads\/2026\/04\/cserek-k-3-440x550@2x.png 880w, https:\/\/www.ata-ro.eu\/wp-content\/uploads\/2026\/04\/cserek-k-3.png 1080w\" sizes=\"(max-width: 389px) 100vw, 389px\" \/>K\u00e9pzeld el, hogy egy szic\u00edliai kisv\u00e1rosban \u00e9bredsz, ahol az emberek n\u00e9v szerint k\u00f6sz\u00f6ntenek, a k\u00f6z\u00f6ss\u00e9gi t\u00e9r val\u00f3di tal\u00e1lkoz\u00e1si pont, \u00e9s a mindennapjaid nemcsak r\u00f3lad, hanem <strong>m\u00e1sok\u00e9rt v\u00e9gzett \u00e9rt\u00e9kteremt\u0151 munk\u00e1r\u00f3l<\/strong> is sz\u00f3lnak.<\/p><div><p>Ez v\u00e1r r\u00e1d az <strong>Il Circo Pace e Bene<\/strong> ESC \u00f6nk\u00e9ntes projektj\u00e9ben, Milen\u00e1ban, Szic\u00edlia sz\u00edv\u00e9ben.<\/p><p>Kik vagyunk?<\/p><p>Az <strong>Il Circo Pace e Bene<\/strong> egy 2015-ben alap\u00edtott civil szervezet, amely fiatal, elk\u00f6telezett szakemberekb\u0151l \u00e1ll. A k\u00f6z\u00f6s c\u00e9lunk az, hogy <strong>m\u0171v\u00e9szeti, kultur\u00e1lis \u00e9s k\u00f6z\u00f6ss\u00e9gi tev\u00e9kenys\u00e9geken kereszt\u00fcl<\/strong> t\u00e1mogassuk a t\u00e1rsadalmi befogad\u00e1st, seg\u00edts\u00fck a h\u00e1tr\u00e1nyos helyzet\u0171 embereket, \u00e9s \u00faj \u00e9letet adjunk egy gazdas\u00e1gilag kih\u00edv\u00e1sokkal k\u00fczd\u0151 t\u00e9rs\u00e9gnek.\u00a0<\/p><p>Munk\u00e1nk k\u00f6zpontja a <strong>Magazzino Culturale \u201eEx oleificio\u201d<\/strong>, egy r\u00e9gi ol\u00edvaolajgy\u00e1rb\u00f3l \u00e1talak\u00edtott kultur\u00e1lis k\u00f6zpont, amely ma koncerteknek, sz\u00ednh\u00e1zi el\u0151ad\u00e1soknak, filmvet\u00edt\u00e9seknek, workshopoknak \u00e9s k\u00f6z\u00f6ss\u00e9gi esem\u00e9nyeknek ad otthont.\u00a0<\/p><p>Hol fogsz \u00e9lni?<\/p><p><strong>Milena<\/strong> egy k\u00f6r\u00fclbel\u00fcl 2500 f\u0151s szic\u00edliai kisv\u00e1ros, amely k\u00fcl\u00f6nleges \u201erobbe\u201d szerkezet\u00e9r\u0151l h\u00edres, t\u00f6bb kisebb telep\u00fcl\u00e9sr\u00e9szb\u0151l \u00e1ll, meg\u0151rizve a vid\u00e9ki \u00e9letform\u00e1t, a hagyom\u00e1nyokat \u00e9s a term\u00e9szet k\u00f6zels\u00e9g\u00e9t. Itt az id\u0151 lassabban telik, a kapcsolatok val\u00f3diak, \u00e9s az \u00f6nk\u00e9ntesek gyorsan a k\u00f6z\u00f6ss\u00e9g r\u00e9sz\u00e9v\u00e9 v\u00e1lnak.<\/p><p>Mit csin\u00e1l egy \u00f6nk\u00e9ntes n\u00e1lunk?<\/p><p>Az \u00f6nk\u00e9ntes feladatok soksz\u00edn\u0171ek, \u00e9s az \u00e9rdekl\u0151d\u00e9si k\u00f6r\u00f6dh\u00f6z igazodnak:<\/p><ul><li><p><strong>K\u00f6z\u00f6ss\u00e9gi, kultur\u00e1lis \u00e9s m\u0171v\u00e9szeti tev\u00e9kenys\u00e9gek<\/strong>: esem\u00e9nyek szervez\u00e9se, a kultur\u00e1lis t\u00e9r m\u0171k\u00f6dtet\u00e9s\u00e9nek seg\u00edt\u00e9se, kreat\u00edv programok megval\u00f3s\u00edt\u00e1sa.<\/p><\/li><li><p><strong>Term\u00e9szet \u00e9s zar\u00e1ndok\u00fat<\/strong>: a h\u00edres Magna Via Francigena \u00fatvonalhoz kapcsol\u00f3d\u00f3 feladatok, zar\u00e1ndokok fogad\u00e1sa, \u00fatkarbantart\u00e1s, k\u00f6z\u00f6ss\u00e9gi m\u00e9dia tartalomk\u00e9sz\u00edt\u00e9s.<\/p><\/li><li><p><strong>Hagyom\u00e1nyok \u00e9s helyi kultur\u00e1lis projektek<\/strong>: r\u00e9szv\u00e9tel a C&amp;C projektben \u00e9s a G.a.s. Lab kezdem\u00e9nyez\u00e9sben, amely Szic\u00edlia gasztron\u00f3miai \u00e9s kultur\u00e1lis \u00f6r\u00f6ks\u00e9g\u00e9t mutatja be.<\/p><\/li><\/ul><p>Munkarend \u00e9s juttat\u00e1sok<\/p><p>Az ESC program keret\u00e9ben:<\/p><ul><li><p>napi kb. <strong>6 \u00f3r\u00e1t<\/strong>, heti <strong>5 napot<\/strong> dolgozol,<\/p><\/li><li><p>hetente <strong>2 egym\u00e1st k\u00f6vet\u0151 szabadnapod<\/strong>, valamint havi plusz szabadnapjaid vannak,<\/p><\/li><li><p><strong>napi 5 \u20ac zsebp\u00e9nzt<\/strong> \u00e9s <strong>6 \u20ac \u00e9tkez\u00e9si t\u00e1mogat\u00e1st<\/strong> kapsz,<\/p><\/li><li><p>a sz\u00e1ll\u00e1sod teljesen felszerelt, Milena k\u00f6zpontj\u00e1hoz k\u00f6zel.<\/p><\/li><\/ul><p>T\u00e1mogat\u00e1s \u00e9s fejl\u0151d\u00e9s<\/p><p>Nem maradsz egyed\u00fcl: minden \u00f6nk\u00e9nteshez szem\u00e9lyes <strong>mentor<\/strong> tartozik, aki seg\u00edt a beilleszked\u00e9sben, a fejl\u0151d\u00e9sben \u00e9s az adminisztrat\u00edv \u00fcgyekben is. A projekt sor\u00e1n r\u00e9szt vehetsz \u00e9rkez\u00e9si \u00e9s f\u00e9lid\u0151s tr\u00e9ningeken, nyelvi t\u00e1mogat\u00e1st kapsz, \u00e9s a v\u00e9g\u00e9n megkapod a <strong>Youthpass tan\u00fas\u00edtv\u00e1nyt<\/strong>, amely hivatalosan igazolja a megszerzett k\u00e9szs\u00e9geidet.\u00a0<\/p><p>Mi\u00e9rt \u00e9rdemes jelentkezni?<\/p><p>Mert ez a projekt t\u00f6bb mint \u00f6nk\u00e9ntesked\u00e9s:<\/p><ul><li><p><strong>val\u00f3di k\u00f6z\u00f6ss\u00e9gi \u00e9lm\u00e9ny<\/strong>,<\/p><\/li><li><p>nemzetk\u00f6zi tapasztalat,<\/p><\/li><li><p>szakmai \u00e9s szem\u00e9lyes fejl\u0151d\u00e9s,<\/p><\/li><li><p>elm\u00e9ly\u00fcl\u00e9s egy autentikus szic\u00edliai k\u00f6rnyezetben,<\/p><\/li><li><p>\u00e9s egy lehet\u0151s\u00e9g arra, hogy maradand\u00f3 nyomot hagyj egy k\u00f6z\u00f6ss\u00e9g \u00e9let\u00e9ben.<\/p><\/li><\/ul><p>Ha nyitott vagy az \u00faj tapasztalatokra, szeretsz emberekkel dolgozni, \u00e9s sz\u00edvesen lenn\u00e9l r\u00e9sze egy inspir\u00e1l\u00f3, nemzetk\u00f6zi k\u00f6z\u00f6ss\u00e9gnek, <strong>Milena v\u00e1r r\u00e1d, \u00edrj nek\u00fcnk az office.ata@gmail.com email c\u00edmre \u00e9s seg\u00edt\u00fcnk a jelentkez\u00e9sben, <a href=\"https:\/\/www.canva.com\/design\/DAHHH4pZDM0\/clP1DNbZWWOOLoJgPCDJOQ\/edit\">egy\u00e9nk\u00e9nt k\u00e9r\u00fcnk olvass\u00e1tok el r\u00e9szletesen az al\u00e1bbi link alatt tal\u00e1lhat\u00f3 angol nyelv\u0171 inform\u00e1ci\u00f3s csomagot.\u00a0<\/a><\/strong><\/p><\/div>","protected":false},"excerpt":{"rendered":"<p>K\u00e9pzeld el, hogy egy szic\u00edliai kisv\u00e1rosban \u00e9bredsz, ahol az emberek n\u00e9v szerint k\u00f6sz\u00f6ntenek, a k\u00f6z\u00f6ss\u00e9gi t\u00e9r val\u00f3di tal\u00e1lkoz\u00e1si pont, \u00e9s a mindennapjaid nemcsak r\u00f3lad, hanem m\u00e1sok\u00e9rt v\u00e9gzett \u00e9rt\u00e9kteremt\u0151 munk\u00e1r\u00f3l is sz\u00f3lnak.Ez v\u00e1r r\u00e1d az Il Circo Pace e Bene ESC \u00f6nk\u00e9ntes projektj\u00e9ben, Milen\u00e1ban, Szic\u00edlia sz\u00edv\u00e9ben.Kik vagyunk?Az Il Circo Pace e Bene egy 2015-ben alap\u00edtott civil szervezet, amely fiatal, elk\u00f6telezett szakemberekb\u0151l \u00e1ll. A k\u00f6z\u00f6s c\u00e9lunk az, hogy m\u0171v\u00e9szeti, kultur\u00e1lis \u00e9s k\u00f6z\u00f6ss\u00e9gi tev\u00e9kenys\u00e9geken kereszt\u00fcl t\u00e1mogassuk a t\u00e1rsadalmi befogad\u00e1st, seg\u00edts\u00fck a h\u00e1tr\u00e1nyos helyzet\u0171 embereket, \u00e9s \u00faj \u00e9letet adjunk egy gazdas\u00e1gilag kih\u00edv\u00e1sokkal k\u00fczd\u0151 t\u00e9rs\u00e9gnek.\u00a0Munk\u00e1nk<a class=\"more-link\" href=\"https:\/\/www.ata-ro.eu\/hu\/hirek\/onkenteskedes-sziciliaban-legy-reszese-egy-elo-kozossegnek-milenaban.html\">SEE DETAILS <span class=\"more-link-image\"><\/span><span class=\"more-link-hover-image\"><\/span><\/a><\/p>\n","protected":false},"author":1,"featured_media":14562,"comment_status":"closed","ping_status":"closed","sticky":false,"template":"","format":"standard","meta":{"_links_to":"","_links_to_target":""},"categories":[213],"tags":[],"yoast_head":"<!-- This site is optimized with the Yoast SEO plugin v18.2 - https:\/\/yoast.com\/wordpress\/plugins\/seo\/ -->\n<title>\u00d6nk\u00e9ntesked\u00e9s Szic\u00edli\u00e1ban \u2013 L\u00e9gy r\u00e9szese egy \u00e9l\u0151 k\u00f6z\u00f6ss\u00e9gnek Milen\u00e1ban! - Erd\u00e9lyi Ifj\u00fas\u00e1gi Egyes\u00fclet<\/title>\n<meta name=\"robots\" content=\"index, follow, max-snippet:-1, max-image-preview:large, max-video-preview:-1\" \/>\n<link rel=\"canonical\" href=\"https:\/\/www.ata-ro.eu\/hu\/hirek\/onkenteskedes-sziciliaban-legy-reszese-egy-elo-kozossegnek-milenaban.html\" \/>\n<meta property=\"og:locale\" content=\"hu_HU\" \/>\n<meta property=\"og:type\" content=\"article\" \/>\n<meta property=\"og:title\" content=\"\u00d6nk\u00e9ntesked\u00e9s Szic\u00edli\u00e1ban \u2013 L\u00e9gy r\u00e9szese egy \u00e9l\u0151 k\u00f6z\u00f6ss\u00e9gnek Milen\u00e1ban! - Erd\u00e9lyi Ifj\u00fas\u00e1gi Egyes\u00fclet\" \/>\n<meta property=\"og:description\" content=\"K\u00e9pzeld el, hogy egy szic\u00edliai kisv\u00e1rosban \u00e9bredsz, ahol az emberek n\u00e9v szerint k\u00f6sz\u00f6ntenek, a k\u00f6z\u00f6ss\u00e9gi t\u00e9r val\u00f3di tal\u00e1lkoz\u00e1si pont, \u00e9s a mindennapjaid nemcsak r\u00f3lad, hanem m\u00e1sok\u00e9rt v\u00e9gzett \u00e9rt\u00e9kteremt\u0151 munk\u00e1r\u00f3l is sz\u00f3lnak.Ez v\u00e1r r\u00e1d az Il Circo Pace e Bene ESC \u00f6nk\u00e9ntes projektj\u00e9ben, Milen\u00e1ban, Szic\u00edlia sz\u00edv\u00e9ben.Kik vagyunk?Az Il Circo Pace e Bene egy 2015-ben alap\u00edtott civil szervezet, amely fiatal, elk\u00f6telezett szakemberekb\u0151l \u00e1ll. A k\u00f6z\u00f6s c\u00e9lunk az, hogy m\u0171v\u00e9szeti, kultur\u00e1lis \u00e9s k\u00f6z\u00f6ss\u00e9gi tev\u00e9kenys\u00e9geken kereszt\u00fcl t\u00e1mogassuk a t\u00e1rsadalmi befogad\u00e1st, seg\u00edts\u00fck a h\u00e1tr\u00e1nyos helyzet\u0171 embereket, \u00e9s \u00faj \u00e9letet adjunk egy gazdas\u00e1gilag kih\u00edv\u00e1sokkal k\u00fczd\u0151 t\u00e9rs\u00e9gnek.\u00a0Munk\u00e1nkSEE DETAILS\" \/>\n<meta property=\"og:url\" content=\"https:\/\/www.ata-ro.eu\/hu\/hirek\/onkenteskedes-sziciliaban-legy-reszese-egy-elo-kozossegnek-milenaban.html\" \/>\n<meta property=\"og:site_name\" content=\"Erd\u00e9lyi Ifj\u00fas\u00e1gi Egyes\u00fclet\" \/>\n<meta property=\"article:published_time\" content=\"2026-04-29T10:16:54+00:00\" \/>\n<meta property=\"og:image\" content=\"https:\/\/www.ata-ro.eu\/wp-content\/uploads\/2026\/04\/cserek-k-3-819x1024.png\" \/>\n\t<meta property=\"og:image:width\" content=\"819\" \/>\n\t<meta property=\"og:image:height\" content=\"1024\" \/>\n\t<meta property=\"og:image:type\" content=\"image\/png\" \/>\n<meta name=\"twitter:card\" content=\"summary_large_image\" \/>\n<meta name=\"twitter:label1\" content=\"Szerz\u0151:\" \/>\n\t<meta name=\"twitter:data1\" content=\"admin\" \/>\n\t<meta name=\"twitter:label2\" content=\"Becs\u00fclt olvas\u00e1si id\u0151\" \/>\n\t<meta name=\"twitter:data2\" content=\"3 perc\" \/>\n<script type=\"application\/ld+json\" class=\"yoast-schema-graph\">{\"@context\":\"https:\/\/schema.org\",\"@graph\":[{\"@type\":\"WebSite\",\"@id\":\"https:\/\/www.ata-ro.eu\/hu#website\",\"url\":\"https:\/\/www.ata-ro.eu\/hu\",\"name\":\"Erd\u00e9lyi Ifj\u00fas\u00e1gi Egyes\u00fclet\",\"description\":\"\",\"potentialAction\":[{\"@type\":\"SearchAction\",\"target\":{\"@type\":\"EntryPoint\",\"urlTemplate\":\"https:\/\/www.ata-ro.eu\/hu?s={search_term_string}\"},\"query-input\":\"required name=search_term_string\"}],\"inLanguage\":\"hu\"},{\"@type\":\"ImageObject\",\"@id\":\"https:\/\/www.ata-ro.eu\/hu\/hirek\/onkenteskedes-sziciliaban-legy-reszese-egy-elo-kozossegnek-milenaban.html#primaryimage\",\"inLanguage\":\"hu\",\"url\":\"https:\/\/www.ata-ro.eu\/wp-content\/uploads\/2026\/04\/cserek-k-3.png\",\"contentUrl\":\"https:\/\/www.ata-ro.eu\/wp-content\/uploads\/2026\/04\/cserek-k-3.png\",\"width\":1080,\"height\":1350},{\"@type\":\"WebPage\",\"@id\":\"https:\/\/www.ata-ro.eu\/hu\/hirek\/onkenteskedes-sziciliaban-legy-reszese-egy-elo-kozossegnek-milenaban.html#webpage\",\"url\":\"https:\/\/www.ata-ro.eu\/hu\/hirek\/onkenteskedes-sziciliaban-legy-reszese-egy-elo-kozossegnek-milenaban.html\",\"name\":\"\u00d6nk\u00e9ntesked\u00e9s Szic\u00edli\u00e1ban \u2013 L\u00e9gy r\u00e9szese egy \u00e9l\u0151 k\u00f6z\u00f6ss\u00e9gnek Milen\u00e1ban! - Erd\u00e9lyi Ifj\u00fas\u00e1gi Egyes\u00fclet\",\"isPartOf\":{\"@id\":\"https:\/\/www.ata-ro.eu\/hu#website\"},\"primaryImageOfPage\":{\"@id\":\"https:\/\/www.ata-ro.eu\/hu\/hirek\/onkenteskedes-sziciliaban-legy-reszese-egy-elo-kozossegnek-milenaban.html#primaryimage\"},\"datePublished\":\"2026-04-29T10:16:54+00:00\",\"dateModified\":\"2026-04-29T10:16:54+00:00\",\"author\":{\"@id\":\"https:\/\/www.ata-ro.eu\/hu#\/schema\/person\/ffeae12efe8d0ed10e9319474a7ec96c\"},\"breadcrumb\":{\"@id\":\"https:\/\/www.ata-ro.eu\/hu\/hirek\/onkenteskedes-sziciliaban-legy-reszese-egy-elo-kozossegnek-milenaban.html#breadcrumb\"},\"inLanguage\":\"hu\",\"potentialAction\":[{\"@type\":\"ReadAction\",\"target\":[\"https:\/\/www.ata-ro.eu\/hu\/hirek\/onkenteskedes-sziciliaban-legy-reszese-egy-elo-kozossegnek-milenaban.html\"]}]},{\"@type\":\"BreadcrumbList\",\"@id\":\"https:\/\/www.ata-ro.eu\/hu\/hirek\/onkenteskedes-sziciliaban-legy-reszese-egy-elo-kozossegnek-milenaban.html#breadcrumb\",\"itemListElement\":[{\"@type\":\"ListItem\",\"position\":1,\"name\":\"Home\",\"item\":\"https:\/\/www.ata-ro.eu\/hu\"},{\"@type\":\"ListItem\",\"position\":2,\"name\":\"\u00d6nk\u00e9ntesked\u00e9s Szic\u00edli\u00e1ban \u2013 L\u00e9gy r\u00e9szese egy \u00e9l\u0151 k\u00f6z\u00f6ss\u00e9gnek Milen\u00e1ban!\"}]},{\"@type\":\"Person\",\"@id\":\"https:\/\/www.ata-ro.eu\/hu#\/schema\/person\/ffeae12efe8d0ed10e9319474a7ec96c\",\"name\":\"admin\",\"image\":{\"@type\":\"ImageObject\",\"@id\":\"https:\/\/www.ata-ro.eu\/hu#personlogo\",\"inLanguage\":\"hu\",\"url\":\"https:\/\/secure.gravatar.com\/avatar\/05b44965b6d2a25d684a33cf56408aa8?s=96&d=mm&r=g\",\"contentUrl\":\"https:\/\/secure.gravatar.com\/avatar\/05b44965b6d2a25d684a33cf56408aa8?s=96&d=mm&r=g\",\"caption\":\"admin\"},\"url\":\"https:\/\/www.ata-ro.eu\/hu\/author\/admin\"}]}<\/script>\n<!-- \/ Yoast SEO plugin. -->","yoast_head_json":{"title":"\u00d6nk\u00e9ntesked\u00e9s Szic\u00edli\u00e1ban \u2013 L\u00e9gy r\u00e9szese egy \u00e9l\u0151 k\u00f6z\u00f6ss\u00e9gnek Milen\u00e1ban! - Erd\u00e9lyi Ifj\u00fas\u00e1gi Egyes\u00fclet","robots":{"index":"index","follow":"follow","max-snippet":"max-snippet:-1","max-image-preview":"max-image-preview:large","max-video-preview":"max-video-preview:-1"},"canonical":"https:\/\/www.ata-ro.eu\/hu\/hirek\/onkenteskedes-sziciliaban-legy-reszese-egy-elo-kozossegnek-milenaban.html","og_locale":"hu_HU","og_type":"article","og_title":"\u00d6nk\u00e9ntesked\u00e9s Szic\u00edli\u00e1ban \u2013 L\u00e9gy r\u00e9szese egy \u00e9l\u0151 k\u00f6z\u00f6ss\u00e9gnek Milen\u00e1ban! - Erd\u00e9lyi Ifj\u00fas\u00e1gi Egyes\u00fclet","og_description":"K\u00e9pzeld el, hogy egy szic\u00edliai kisv\u00e1rosban \u00e9bredsz, ahol az emberek n\u00e9v szerint k\u00f6sz\u00f6ntenek, a k\u00f6z\u00f6ss\u00e9gi t\u00e9r val\u00f3di tal\u00e1lkoz\u00e1si pont, \u00e9s a mindennapjaid nemcsak r\u00f3lad, hanem m\u00e1sok\u00e9rt v\u00e9gzett \u00e9rt\u00e9kteremt\u0151 munk\u00e1r\u00f3l is sz\u00f3lnak.Ez v\u00e1r r\u00e1d az Il Circo Pace e Bene ESC \u00f6nk\u00e9ntes projektj\u00e9ben, Milen\u00e1ban, Szic\u00edlia sz\u00edv\u00e9ben.Kik vagyunk?Az Il Circo Pace e Bene egy 2015-ben alap\u00edtott civil szervezet, amely fiatal, elk\u00f6telezett szakemberekb\u0151l \u00e1ll. A k\u00f6z\u00f6s c\u00e9lunk az, hogy m\u0171v\u00e9szeti, kultur\u00e1lis \u00e9s k\u00f6z\u00f6ss\u00e9gi tev\u00e9kenys\u00e9geken kereszt\u00fcl t\u00e1mogassuk a t\u00e1rsadalmi befogad\u00e1st, seg\u00edts\u00fck a h\u00e1tr\u00e1nyos helyzet\u0171 embereket, \u00e9s \u00faj \u00e9letet adjunk egy gazdas\u00e1gilag kih\u00edv\u00e1sokkal k\u00fczd\u0151 t\u00e9rs\u00e9gnek.\u00a0Munk\u00e1nkSEE DETAILS","og_url":"https:\/\/www.ata-ro.eu\/hu\/hirek\/onkenteskedes-sziciliaban-legy-reszese-egy-elo-kozossegnek-milenaban.html","og_site_name":"Erd\u00e9lyi Ifj\u00fas\u00e1gi Egyes\u00fclet","article_published_time":"2026-04-29T10:16:54+00:00","og_image":[{"width":819,"height":1024,"url":"https:\/\/www.ata-ro.eu\/wp-content\/uploads\/2026\/04\/cserek-k-3-819x1024.png","type":"image\/png"}],"twitter_card":"summary_large_image","twitter_misc":{"Szerz\u0151:":"admin","Becs\u00fclt olvas\u00e1si id\u0151":"3 perc"},"schema":{"@context":"https:\/\/schema.org","@graph":[{"@type":"WebSite","@id":"https:\/\/www.ata-ro.eu\/hu#website","url":"https:\/\/www.ata-ro.eu\/hu","name":"Erd\u00e9lyi Ifj\u00fas\u00e1gi Egyes\u00fclet","description":"","potentialAction":[{"@type":"SearchAction","target":{"@type":"EntryPoint","urlTemplate":"https:\/\/www.ata-ro.eu\/hu?s={search_term_string}"},"query-input":"required name=search_term_string"}],"inLanguage":"hu"},{"@type":"ImageObject","@id":"https:\/\/www.ata-ro.eu\/hu\/hirek\/onkenteskedes-sziciliaban-legy-reszese-egy-elo-kozossegnek-milenaban.html#primaryimage","inLanguage":"hu","url":"https:\/\/www.ata-ro.eu\/wp-content\/uploads\/2026\/04\/cserek-k-3.png","contentUrl":"https:\/\/www.ata-ro.eu\/wp-content\/uploads\/2026\/04\/cserek-k-3.png","width":1080,"height":1350},{"@type":"WebPage","@id":"https:\/\/www.ata-ro.eu\/hu\/hirek\/onkenteskedes-sziciliaban-legy-reszese-egy-elo-kozossegnek-milenaban.html#webpage","url":"https:\/\/www.ata-ro.eu\/hu\/hirek\/onkenteskedes-sziciliaban-legy-reszese-egy-elo-kozossegnek-milenaban.html","name":"\u00d6nk\u00e9ntesked\u00e9s Szic\u00edli\u00e1ban \u2013 L\u00e9gy r\u00e9szese egy \u00e9l\u0151 k\u00f6z\u00f6ss\u00e9gnek Milen\u00e1ban! - Erd\u00e9lyi Ifj\u00fas\u00e1gi Egyes\u00fclet","isPartOf":{"@id":"https:\/\/www.ata-ro.eu\/hu#website"},"primaryImageOfPage":{"@id":"https:\/\/www.ata-ro.eu\/hu\/hirek\/onkenteskedes-sziciliaban-legy-reszese-egy-elo-kozossegnek-milenaban.html#primaryimage"},"datePublished":"2026-04-29T10:16:54+00:00","dateModified":"2026-04-29T10:16:54+00:00","author":{"@id":"https:\/\/www.ata-ro.eu\/hu#\/schema\/person\/ffeae12efe8d0ed10e9319474a7ec96c"},"breadcrumb":{"@id":"https:\/\/www.ata-ro.eu\/hu\/hirek\/onkenteskedes-sziciliaban-legy-reszese-egy-elo-kozossegnek-milenaban.html#breadcrumb"},"inLanguage":"hu","potentialAction":[{"@type":"ReadAction","target":["https:\/\/www.ata-ro.eu\/hu\/hirek\/onkenteskedes-sziciliaban-legy-reszese-egy-elo-kozossegnek-milenaban.html"]}]},{"@type":"BreadcrumbList","@id":"https:\/\/www.ata-ro.eu\/hu\/hirek\/onkenteskedes-sziciliaban-legy-reszese-egy-elo-kozossegnek-milenaban.html#breadcrumb","itemListElement":[{"@type":"ListItem","position":1,"name":"Home","item":"https:\/\/www.ata-ro.eu\/hu"},{"@type":"ListItem","position":2,"name":"\u00d6nk\u00e9ntesked\u00e9s Szic\u00edli\u00e1ban \u2013 L\u00e9gy r\u00e9szese egy \u00e9l\u0151 k\u00f6z\u00f6ss\u00e9gnek Milen\u00e1ban!"}]},{"@type":"Person","@id":"https:\/\/www.ata-ro.eu\/hu#\/schema\/person\/ffeae12efe8d0ed10e9319474a7ec96c","name":"admin","image":{"@type":"ImageObject","@id":"https:\/\/www.ata-ro.eu\/hu#personlogo","inLanguage":"hu","url":"https:\/\/secure.gravatar.com\/avatar\/05b44965b6d2a25d684a33cf56408aa8?s=96&d=mm&r=g","contentUrl":"https:\/\/secure.gravatar.com\/avatar\/05b44965b6d2a25d684a33cf56408aa8?s=96&d=mm&r=g","caption":"admin"},"url":"https:\/\/www.ata-ro.eu\/hu\/author\/admin"}]}},"_links":{"self":[{"href":"https:\/\/www.ata-ro.eu\/hu\/wp-json\/wp\/v2\/posts\/14560"}],"collection":[{"href":"https:\/\/www.ata-ro.eu\/hu\/wp-json\/wp\/v2\/posts"}],"about":[{"href":"https:\/\/www.ata-ro.eu\/hu\/wp-json\/wp\/v2\/types\/post"}],"author":[{"embeddable":true,"href":"https:\/\/www.ata-ro.eu\/hu\/wp-json\/wp\/v2\/users\/1"}],"replies":[{"embeddable":true,"href":"https:\/\/www.ata-ro.eu\/hu\/wp-json\/wp\/v2\/comments?post=14560"}],"version-history":[{"count":2,"href":"https:\/\/www.ata-ro.eu\/hu\/wp-json\/wp\/v2\/posts\/14560\/revisions"}],"predecessor-version":[{"id":14565,"href":"https:\/\/www.ata-ro.eu\/hu\/wp-json\/wp\/v2\/posts\/14560\/revisions\/14565"}],"wp:featuredmedia":[{"embeddable":true,"href":"https:\/\/www.ata-ro.eu\/hu\/wp-json\/wp\/v2\/media\/14562"}],"wp:attachment":[{"href":"https:\/\/www.ata-ro.eu\/hu\/wp-json\/wp\/v2\/media?parent=14560"}],"wp:term":[{"taxonomy":"category","embeddable":true,"href":"https:\/\/www.ata-ro.eu\/hu\/wp-json\/wp\/v2\/categories?post=14560"},{"taxonomy":"post_tag","embeddable":true,"href":"https:\/\/www.ata-ro.eu\/hu\/wp-json\/wp\/v2\/tags?post=14560"}],"curies":[{"name":"wp","href":"https:\/\/api.w.org\/{rel}","templated":true}]}}