{"id":5069,"date":"2020-08-30T12:00:43","date_gmt":"2020-08-30T09:00:43","guid":{"rendered":"http:\/\/new.ata-ro.eu\/?p=5069"},"modified":"2020-11-01T20:44:07","modified_gmt":"2020-11-01T18:44:07","slug":"972-surgosen-onkentesek-kerestetnek","status":"publish","type":"post","link":"https:\/\/www.ata-ro.eu\/hu\/hirek\/972-surgosen-onkentesek-kerestetnek.html","title":{"rendered":"S\u00fcrg\u0151sen \u00f6nk\u00e9ntesek kerestetnek!"},"content":{"rendered":"<br \/><img loading=\"lazy\" class=\"size-medium wp-image-5070 alignleft\" src=\"http:\/\/new.ata-ro.eu\/wp-content\/uploads\/2020\/08\/onkentesek1-300x252.jpg\" alt=\"\" width=\"300\" height=\"252\" srcset=\"https:\/\/www.ata-ro.eu\/wp-content\/uploads\/2020\/08\/onkentesek1-300x252.jpg 300w, https:\/\/www.ata-ro.eu\/wp-content\/uploads\/2020\/08\/onkentesek1-60x50.jpg 60w, https:\/\/www.ata-ro.eu\/wp-content\/uploads\/2020\/08\/onkentesek1-60x50@2x.jpg 120w, https:\/\/www.ata-ro.eu\/wp-content\/uploads\/2020\/08\/onkentesek1.jpg 600w\" sizes=\"(max-width: 300px) 100vw, 300px\" \/>Jav\u00e1ban tombol a ny\u00e1r, lassacsk\u00e1n mindenkinek eld\u0151lt a \u201ehova tov\u00e1bb\u201d k\u00e9rd\u00e9sre a v\u00e1lasz, ha \u00e9ppen volt ilyen k\u00e9rd\u00e9s! Ha m\u00e9g mindig gondolkodsz az elk\u00f6vetkezend\u0151 h\u00f3napjaidon, akkor mi seg\u00edt\u00fcnk neked!<br \/>M\u00e9g mindig keres\u00fcnk \u00f6nk\u00e9nteseket, annak ellen\u00e9re, hogy az id\u00e9n ny\u00e1ron m\u00e1r 8 \u00f6nk\u00e9ntesnek tal\u00e1ltunk t\u00f6k\u00e9letes helyet a nagyvil\u00e1gban!<br \/><br \/>S\u00fcrg\u0151sen \u00f6nk\u00e9ntesek kerestetnek!<br \/><br \/>Jelenleg Budapestre keres\u00fcnk 2 fiatalt egy \u00e9ves tev\u00e9kenys\u00e9gre, Spanyolorsz\u00e1gba keres\u00fcnk szint\u00e9n egy embert 7 h\u00f3napra, a g\u00f6r\u00f6g szigetre is kerestetik az \u00f6nk\u00e9ntes 5 kerek h\u00f3napra, illetve Angli\u00e1ba is v\u00e1rnak egy lelkes jelentkez\u0151t egy 1 \u00e9ves projektre.<br \/>Ami fontos, hogy<br \/>&#8211; legy\u00e9l 18-31 \u00e9v k\u00f6z\u00f6tt<br \/>&#8211; legy\u00e9l kreat\u00edv, motiv\u00e1lt \u00e9s k\u00edv\u00e1ncsi<br \/>&#8211; alap szinten besz\u00e9ld az angolt (a budapesti lehet\u0151s\u00e9gn\u00e9l nem fontos)<br \/>&#8211; olvasd el a felh\u00edv\u00e1sokat<br \/>&#8211; T\u00f6ltsd ki a jelentkez\u00e9si lapot<br \/>&#8211; jellemezzen a nyitotts\u00e1g \u00e9s a tolerancia<br \/><br \/>Az al\u00e1bbiakban csatolva megtal\u00e1lod a projektek inf\u00f3 csomagjaikat, amikben r\u00e9szletesen le\u00edrja a fontos tudnival\u00f3kat a projektr\u0151l!<br \/><br \/>FONTOS! Az inf\u00f3 csomagokban felt\u00fcntetett kezd\u00e9si d\u00e1tumok NEM aktu\u00e1lisak, mindenik projektre szeptemberi kezd\u00e9ssel keres\u00fcnk \u00f6nk\u00e9nteseket! <br \/>Budapest, Magyarorsz\u00e1g<br \/>Burgos, Spanyolorsz\u00e1g<br \/>Lefkas, G\u00f6r\u00f6gorsz\u00e1g<br \/>Dudley, Anglia<br \/><br \/>UTAZ\u00c1S, SZ\u00c1LL\u00c1S, \u00c9TKEZ\u00c9S + EGY KIS ZSEBP\u00c9NZ biztos\u00edtott. B\u00e1rmilyen k\u00e9rd\u00e9sed van, \u00edrj nek\u00fcnk b\u00e1tran az office.ata@gmail.com e-mail c\u00edmre, vagy h\u00edvj benn\u00fcnket a +40755173842-es telefonsz\u00e1mon. Jelentkezni az al\u00e1bbi k\u00e9rd\u0151\u00edv kit\u00f6lt\u00e9s\u00e9vel lehet, csak kattints ide!","protected":false},"excerpt":{"rendered":"<p>Jav\u00e1ban tombol a ny\u00e1r, lassacsk\u00e1n mindenkinek eld\u0151lt a \u201ehova tov\u00e1bb\u201d k\u00e9rd\u00e9sre a v\u00e1lasz, ha \u00e9ppen volt ilyen k\u00e9rd\u00e9s! Ha m\u00e9g mindig gondolkodsz az elk\u00f6vetkezend\u0151 h\u00f3napjaidon, akkor mi seg\u00edt\u00fcnk neked!M\u00e9g mindig keres\u00fcnk \u00f6nk\u00e9nteseket, annak ellen\u00e9re, hogy az id\u00e9n ny\u00e1ron m\u00e1r 8 \u00f6nk\u00e9ntesnek tal\u00e1ltunk t\u00f6k\u00e9letes helyet a nagyvil\u00e1gban!S\u00fcrg\u0151sen \u00f6nk\u00e9ntesek kerestetnek!Jelenleg Budapestre keres\u00fcnk 2 fiatalt egy \u00e9ves tev\u00e9kenys\u00e9gre, Spanyolorsz\u00e1gba keres\u00fcnk szint\u00e9n egy embert 7 h\u00f3napra, a g\u00f6r\u00f6g szigetre is kerestetik az \u00f6nk\u00e9ntes 5 kerek h\u00f3napra, illetve Angli\u00e1ba is v\u00e1rnak egy lelkes jelentkez\u0151t egy 1 \u00e9ves projektre.Ami fontos, hogy&#8211; legy\u00e9l 18-31 \u00e9v k\u00f6z\u00f6tt&#8211; legy\u00e9l<a class=\"more-link\" href=\"https:\/\/www.ata-ro.eu\/hu\/hirek\/972-surgosen-onkentesek-kerestetnek.html\">SEE DETAILS <span class=\"more-link-image\"><\/span><span class=\"more-link-hover-image\"><\/span><\/a><\/p>\n","protected":false},"author":1,"featured_media":5070,"comment_status":"open","ping_status":"open","sticky":false,"template":"","format":"standard","meta":{"_links_to":"","_links_to_target":""},"categories":[213],"tags":[],"yoast_head":"<!-- This site is optimized with the Yoast SEO plugin v18.2 - https:\/\/yoast.com\/wordpress\/plugins\/seo\/ -->\n<title>S\u00fcrg\u0151sen \u00f6nk\u00e9ntesek kerestetnek! - Erd\u00e9lyi Ifj\u00fas\u00e1gi Egyes\u00fclet<\/title>\n<meta name=\"robots\" content=\"index, follow, max-snippet:-1, max-image-preview:large, max-video-preview:-1\" \/>\n<link rel=\"canonical\" href=\"https:\/\/www.ata-ro.eu\/hu\/hirek\/972-surgosen-onkentesek-kerestetnek.html\" \/>\n<meta property=\"og:locale\" content=\"hu_HU\" \/>\n<meta property=\"og:type\" content=\"article\" \/>\n<meta property=\"og:title\" content=\"S\u00fcrg\u0151sen \u00f6nk\u00e9ntesek kerestetnek! - Erd\u00e9lyi Ifj\u00fas\u00e1gi Egyes\u00fclet\" \/>\n<meta property=\"og:description\" content=\"Jav\u00e1ban tombol a ny\u00e1r, lassacsk\u00e1n mindenkinek eld\u0151lt a \u201ehova tov\u00e1bb\u201d k\u00e9rd\u00e9sre a v\u00e1lasz, ha \u00e9ppen volt ilyen k\u00e9rd\u00e9s! Ha m\u00e9g mindig gondolkodsz az elk\u00f6vetkezend\u0151 h\u00f3napjaidon, akkor mi seg\u00edt\u00fcnk neked!M\u00e9g mindig keres\u00fcnk \u00f6nk\u00e9nteseket, annak ellen\u00e9re, hogy az id\u00e9n ny\u00e1ron m\u00e1r 8 \u00f6nk\u00e9ntesnek tal\u00e1ltunk t\u00f6k\u00e9letes helyet a nagyvil\u00e1gban!S\u00fcrg\u0151sen \u00f6nk\u00e9ntesek kerestetnek!Jelenleg Budapestre keres\u00fcnk 2 fiatalt egy \u00e9ves tev\u00e9kenys\u00e9gre, Spanyolorsz\u00e1gba keres\u00fcnk szint\u00e9n egy embert 7 h\u00f3napra, a g\u00f6r\u00f6g szigetre is kerestetik az \u00f6nk\u00e9ntes 5 kerek h\u00f3napra, illetve Angli\u00e1ba is v\u00e1rnak egy lelkes jelentkez\u0151t egy 1 \u00e9ves projektre.Ami fontos, hogy&#8211; legy\u00e9l 18-31 \u00e9v k\u00f6z\u00f6tt&#8211; legy\u00e9lSEE DETAILS\" \/>\n<meta property=\"og:url\" content=\"https:\/\/www.ata-ro.eu\/hu\/hirek\/972-surgosen-onkentesek-kerestetnek.html\" \/>\n<meta property=\"og:site_name\" content=\"Erd\u00e9lyi Ifj\u00fas\u00e1gi Egyes\u00fclet\" \/>\n<meta property=\"article:published_time\" content=\"2020-08-30T09:00:43+00:00\" \/>\n<meta property=\"article:modified_time\" content=\"2020-11-01T18:44:07+00:00\" \/>\n<meta property=\"og:image\" content=\"https:\/\/www.ata-ro.eu\/wp-content\/uploads\/2020\/08\/onkentesek1.jpg\" \/>\n\t<meta property=\"og:image:width\" content=\"600\" \/>\n\t<meta property=\"og:image:height\" content=\"503\" \/>\n\t<meta property=\"og:image:type\" content=\"image\/jpeg\" \/>\n<meta name=\"twitter:card\" content=\"summary_large_image\" \/>\n<meta name=\"twitter:label1\" content=\"Szerz\u0151:\" \/>\n\t<meta name=\"twitter:data1\" content=\"admin\" \/>\n\t<meta name=\"twitter:label2\" content=\"Becs\u00fclt olvas\u00e1si id\u0151\" \/>\n\t<meta name=\"twitter:data2\" content=\"1 perc\" \/>\n<script type=\"application\/ld+json\" class=\"yoast-schema-graph\">{\"@context\":\"https:\/\/schema.org\",\"@graph\":[{\"@type\":\"WebSite\",\"@id\":\"https:\/\/www.ata-ro.eu\/hu#website\",\"url\":\"https:\/\/www.ata-ro.eu\/hu\",\"name\":\"Erd\u00e9lyi Ifj\u00fas\u00e1gi Egyes\u00fclet\",\"description\":\"\",\"potentialAction\":[{\"@type\":\"SearchAction\",\"target\":{\"@type\":\"EntryPoint\",\"urlTemplate\":\"https:\/\/www.ata-ro.eu\/hu?s={search_term_string}\"},\"query-input\":\"required name=search_term_string\"}],\"inLanguage\":\"hu\"},{\"@type\":\"ImageObject\",\"@id\":\"https:\/\/www.ata-ro.eu\/hu\/hirek\/972-surgosen-onkentesek-kerestetnek.html#primaryimage\",\"inLanguage\":\"hu\",\"url\":\"https:\/\/www.ata-ro.eu\/wp-content\/uploads\/2020\/08\/onkentesek1.jpg\",\"contentUrl\":\"https:\/\/www.ata-ro.eu\/wp-content\/uploads\/2020\/08\/onkentesek1.jpg\",\"width\":600,\"height\":503},{\"@type\":\"WebPage\",\"@id\":\"https:\/\/www.ata-ro.eu\/hu\/hirek\/972-surgosen-onkentesek-kerestetnek.html#webpage\",\"url\":\"https:\/\/www.ata-ro.eu\/hu\/hirek\/972-surgosen-onkentesek-kerestetnek.html\",\"name\":\"S\u00fcrg\u0151sen \u00f6nk\u00e9ntesek kerestetnek! - Erd\u00e9lyi Ifj\u00fas\u00e1gi Egyes\u00fclet\",\"isPartOf\":{\"@id\":\"https:\/\/www.ata-ro.eu\/hu#website\"},\"primaryImageOfPage\":{\"@id\":\"https:\/\/www.ata-ro.eu\/hu\/hirek\/972-surgosen-onkentesek-kerestetnek.html#primaryimage\"},\"datePublished\":\"2020-08-30T09:00:43+00:00\",\"dateModified\":\"2020-11-01T18:44:07+00:00\",\"author\":{\"@id\":\"https:\/\/www.ata-ro.eu\/hu#\/schema\/person\/ffeae12efe8d0ed10e9319474a7ec96c\"},\"breadcrumb\":{\"@id\":\"https:\/\/www.ata-ro.eu\/hu\/hirek\/972-surgosen-onkentesek-kerestetnek.html#breadcrumb\"},\"inLanguage\":\"hu\",\"potentialAction\":[{\"@type\":\"ReadAction\",\"target\":[\"https:\/\/www.ata-ro.eu\/hu\/hirek\/972-surgosen-onkentesek-kerestetnek.html\"]}]},{\"@type\":\"BreadcrumbList\",\"@id\":\"https:\/\/www.ata-ro.eu\/hu\/hirek\/972-surgosen-onkentesek-kerestetnek.html#breadcrumb\",\"itemListElement\":[{\"@type\":\"ListItem\",\"position\":1,\"name\":\"Home\",\"item\":\"https:\/\/www.ata-ro.eu\/hu\"},{\"@type\":\"ListItem\",\"position\":2,\"name\":\"S\u00fcrg\u0151sen \u00f6nk\u00e9ntesek kerestetnek!\"}]},{\"@type\":\"Person\",\"@id\":\"https:\/\/www.ata-ro.eu\/hu#\/schema\/person\/ffeae12efe8d0ed10e9319474a7ec96c\",\"name\":\"admin\",\"image\":{\"@type\":\"ImageObject\",\"@id\":\"https:\/\/www.ata-ro.eu\/hu#personlogo\",\"inLanguage\":\"hu\",\"url\":\"https:\/\/secure.gravatar.com\/avatar\/05b44965b6d2a25d684a33cf56408aa8?s=96&d=mm&r=g\",\"contentUrl\":\"https:\/\/secure.gravatar.com\/avatar\/05b44965b6d2a25d684a33cf56408aa8?s=96&d=mm&r=g\",\"caption\":\"admin\"},\"url\":\"https:\/\/www.ata-ro.eu\/hu\/author\/admin\"}]}<\/script>\n<!-- \/ Yoast SEO plugin. -->","yoast_head_json":{"title":"S\u00fcrg\u0151sen \u00f6nk\u00e9ntesek kerestetnek! - Erd\u00e9lyi Ifj\u00fas\u00e1gi Egyes\u00fclet","robots":{"index":"index","follow":"follow","max-snippet":"max-snippet:-1","max-image-preview":"max-image-preview:large","max-video-preview":"max-video-preview:-1"},"canonical":"https:\/\/www.ata-ro.eu\/hu\/hirek\/972-surgosen-onkentesek-kerestetnek.html","og_locale":"hu_HU","og_type":"article","og_title":"S\u00fcrg\u0151sen \u00f6nk\u00e9ntesek kerestetnek! - Erd\u00e9lyi Ifj\u00fas\u00e1gi Egyes\u00fclet","og_description":"Jav\u00e1ban tombol a ny\u00e1r, lassacsk\u00e1n mindenkinek eld\u0151lt a \u201ehova tov\u00e1bb\u201d k\u00e9rd\u00e9sre a v\u00e1lasz, ha \u00e9ppen volt ilyen k\u00e9rd\u00e9s! Ha m\u00e9g mindig gondolkodsz az elk\u00f6vetkezend\u0151 h\u00f3napjaidon, akkor mi seg\u00edt\u00fcnk neked!M\u00e9g mindig keres\u00fcnk \u00f6nk\u00e9nteseket, annak ellen\u00e9re, hogy az id\u00e9n ny\u00e1ron m\u00e1r 8 \u00f6nk\u00e9ntesnek tal\u00e1ltunk t\u00f6k\u00e9letes helyet a nagyvil\u00e1gban!S\u00fcrg\u0151sen \u00f6nk\u00e9ntesek kerestetnek!Jelenleg Budapestre keres\u00fcnk 2 fiatalt egy \u00e9ves tev\u00e9kenys\u00e9gre, Spanyolorsz\u00e1gba keres\u00fcnk szint\u00e9n egy embert 7 h\u00f3napra, a g\u00f6r\u00f6g szigetre is kerestetik az \u00f6nk\u00e9ntes 5 kerek h\u00f3napra, illetve Angli\u00e1ba is v\u00e1rnak egy lelkes jelentkez\u0151t egy 1 \u00e9ves projektre.Ami fontos, hogy&#8211; legy\u00e9l 18-31 \u00e9v k\u00f6z\u00f6tt&#8211; legy\u00e9lSEE DETAILS","og_url":"https:\/\/www.ata-ro.eu\/hu\/hirek\/972-surgosen-onkentesek-kerestetnek.html","og_site_name":"Erd\u00e9lyi Ifj\u00fas\u00e1gi Egyes\u00fclet","article_published_time":"2020-08-30T09:00:43+00:00","article_modified_time":"2020-11-01T18:44:07+00:00","og_image":[{"width":600,"height":503,"url":"https:\/\/www.ata-ro.eu\/wp-content\/uploads\/2020\/08\/onkentesek1.jpg","type":"image\/jpeg"}],"twitter_card":"summary_large_image","twitter_misc":{"Szerz\u0151:":"admin","Becs\u00fclt olvas\u00e1si id\u0151":"1 perc"},"schema":{"@context":"https:\/\/schema.org","@graph":[{"@type":"WebSite","@id":"https:\/\/www.ata-ro.eu\/hu#website","url":"https:\/\/www.ata-ro.eu\/hu","name":"Erd\u00e9lyi Ifj\u00fas\u00e1gi Egyes\u00fclet","description":"","potentialAction":[{"@type":"SearchAction","target":{"@type":"EntryPoint","urlTemplate":"https:\/\/www.ata-ro.eu\/hu?s={search_term_string}"},"query-input":"required name=search_term_string"}],"inLanguage":"hu"},{"@type":"ImageObject","@id":"https:\/\/www.ata-ro.eu\/hu\/hirek\/972-surgosen-onkentesek-kerestetnek.html#primaryimage","inLanguage":"hu","url":"https:\/\/www.ata-ro.eu\/wp-content\/uploads\/2020\/08\/onkentesek1.jpg","contentUrl":"https:\/\/www.ata-ro.eu\/wp-content\/uploads\/2020\/08\/onkentesek1.jpg","width":600,"height":503},{"@type":"WebPage","@id":"https:\/\/www.ata-ro.eu\/hu\/hirek\/972-surgosen-onkentesek-kerestetnek.html#webpage","url":"https:\/\/www.ata-ro.eu\/hu\/hirek\/972-surgosen-onkentesek-kerestetnek.html","name":"S\u00fcrg\u0151sen \u00f6nk\u00e9ntesek kerestetnek! - Erd\u00e9lyi Ifj\u00fas\u00e1gi Egyes\u00fclet","isPartOf":{"@id":"https:\/\/www.ata-ro.eu\/hu#website"},"primaryImageOfPage":{"@id":"https:\/\/www.ata-ro.eu\/hu\/hirek\/972-surgosen-onkentesek-kerestetnek.html#primaryimage"},"datePublished":"2020-08-30T09:00:43+00:00","dateModified":"2020-11-01T18:44:07+00:00","author":{"@id":"https:\/\/www.ata-ro.eu\/hu#\/schema\/person\/ffeae12efe8d0ed10e9319474a7ec96c"},"breadcrumb":{"@id":"https:\/\/www.ata-ro.eu\/hu\/hirek\/972-surgosen-onkentesek-kerestetnek.html#breadcrumb"},"inLanguage":"hu","potentialAction":[{"@type":"ReadAction","target":["https:\/\/www.ata-ro.eu\/hu\/hirek\/972-surgosen-onkentesek-kerestetnek.html"]}]},{"@type":"BreadcrumbList","@id":"https:\/\/www.ata-ro.eu\/hu\/hirek\/972-surgosen-onkentesek-kerestetnek.html#breadcrumb","itemListElement":[{"@type":"ListItem","position":1,"name":"Home","item":"https:\/\/www.ata-ro.eu\/hu"},{"@type":"ListItem","position":2,"name":"S\u00fcrg\u0151sen \u00f6nk\u00e9ntesek kerestetnek!"}]},{"@type":"Person","@id":"https:\/\/www.ata-ro.eu\/hu#\/schema\/person\/ffeae12efe8d0ed10e9319474a7ec96c","name":"admin","image":{"@type":"ImageObject","@id":"https:\/\/www.ata-ro.eu\/hu#personlogo","inLanguage":"hu","url":"https:\/\/secure.gravatar.com\/avatar\/05b44965b6d2a25d684a33cf56408aa8?s=96&d=mm&r=g","contentUrl":"https:\/\/secure.gravatar.com\/avatar\/05b44965b6d2a25d684a33cf56408aa8?s=96&d=mm&r=g","caption":"admin"},"url":"https:\/\/www.ata-ro.eu\/hu\/author\/admin"}]}},"_links":{"self":[{"href":"https:\/\/www.ata-ro.eu\/hu\/wp-json\/wp\/v2\/posts\/5069"}],"collection":[{"href":"https:\/\/www.ata-ro.eu\/hu\/wp-json\/wp\/v2\/posts"}],"about":[{"href":"https:\/\/www.ata-ro.eu\/hu\/wp-json\/wp\/v2\/types\/post"}],"author":[{"embeddable":true,"href":"https:\/\/www.ata-ro.eu\/hu\/wp-json\/wp\/v2\/users\/1"}],"replies":[{"embeddable":true,"href":"https:\/\/www.ata-ro.eu\/hu\/wp-json\/wp\/v2\/comments?post=5069"}],"version-history":[{"count":1,"href":"https:\/\/www.ata-ro.eu\/hu\/wp-json\/wp\/v2\/posts\/5069\/revisions"}],"predecessor-version":[{"id":5073,"href":"https:\/\/www.ata-ro.eu\/hu\/wp-json\/wp\/v2\/posts\/5069\/revisions\/5073"}],"wp:featuredmedia":[{"embeddable":true,"href":"https:\/\/www.ata-ro.eu\/hu\/wp-json\/wp\/v2\/media\/5070"}],"wp:attachment":[{"href":"https:\/\/www.ata-ro.eu\/hu\/wp-json\/wp\/v2\/media?parent=5069"}],"wp:term":[{"taxonomy":"category","embeddable":true,"href":"https:\/\/www.ata-ro.eu\/hu\/wp-json\/wp\/v2\/categories?post=5069"},{"taxonomy":"post_tag","embeddable":true,"href":"https:\/\/www.ata-ro.eu\/hu\/wp-json\/wp\/v2\/tags?post=5069"}],"curies":[{"name":"wp","href":"https:\/\/api.w.org\/{rel}","templated":true}]}}