{"id":7920,"date":"2022-10-17T10:13:26","date_gmt":"2022-10-17T07:13:26","guid":{"rendered":"https:\/\/www.ata-ro.eu\/?p=7920"},"modified":"2022-10-17T13:24:26","modified_gmt":"2022-10-17T10:24:26","slug":"uj-kaland-kezdete-az-ata-nal","status":"publish","type":"post","link":"https:\/\/www.ata-ro.eu\/hu\/hirek\/uj-kaland-kezdete-az-ata-nal.html","title":{"rendered":"\u00daj kaland kezdete az ATA-n\u00e1l"},"content":{"rendered":"<p>Az \u00e9vszak \u00e9s az id\u0151j\u00e1r\u00e1s v\u00e1ltoz\u00e1s\u00e1val egyid\u0151ben egzes\u00fclet\u00fcnkn\u00e9l is v\u00e1ltoz\u00e1sok mennek v\u00e9gbe, term\u00e9szetesen pozit\u00edv ir\u00e1nyban. N\u00e9gy csod\u00e1latos fiatalt fogadtunk csendes kisv\u00e1rosunkban. A fiatalok az\u00e9rt \u00e9rkeztek, hogy egy kicsit sz\u00ednesebb\u00e9 tegy\u00e9k k\u00f6z\u00f6ss\u00e9g\u00fcnk \u00e9let\u00e9t. Mindegyik\u00fck Eur\u00f3pa k\u00fcl\u00f6nb\u00f6z\u0151 r\u00e9szeir\u0151l k\u00f6lt\u00f6z\u00f6tt v\u00e1rosunkba.<br \/><br \/><img loading=\"lazy\" class=\"aligncenter wp-image-7927 size-large\" src=\"https:\/\/www.ata-ro.eu\/wp-content\/uploads\/2022\/10\/Obrazok-WhatsApp-2022-10-17-o-13.18.38-1024x768.jpg\" alt=\"\" width=\"1024\" height=\"768\" srcset=\"https:\/\/www.ata-ro.eu\/wp-content\/uploads\/2022\/10\/Obrazok-WhatsApp-2022-10-17-o-13.18.38-1024x768.jpg 1024w, https:\/\/www.ata-ro.eu\/wp-content\/uploads\/2022\/10\/Obrazok-WhatsApp-2022-10-17-o-13.18.38-300x225.jpg 300w, https:\/\/www.ata-ro.eu\/wp-content\/uploads\/2022\/10\/Obrazok-WhatsApp-2022-10-17-o-13.18.38-768x576.jpg 768w, https:\/\/www.ata-ro.eu\/wp-content\/uploads\/2022\/10\/Obrazok-WhatsApp-2022-10-17-o-13.18.38-1536x1152.jpg 1536w, https:\/\/www.ata-ro.eu\/wp-content\/uploads\/2022\/10\/Obrazok-WhatsApp-2022-10-17-o-13.18.38-733x550.jpg 733w, https:\/\/www.ata-ro.eu\/wp-content\/uploads\/2022\/10\/Obrazok-WhatsApp-2022-10-17-o-13.18.38-733x550@2x.jpg 1467w, https:\/\/www.ata-ro.eu\/wp-content\/uploads\/2022\/10\/Obrazok-WhatsApp-2022-10-17-o-13.18.38-80x60.jpg 80w, https:\/\/www.ata-ro.eu\/wp-content\/uploads\/2022\/10\/Obrazok-WhatsApp-2022-10-17-o-13.18.38-80x60@2x.jpg 160w, https:\/\/www.ata-ro.eu\/wp-content\/uploads\/2022\/10\/Obrazok-WhatsApp-2022-10-17-o-13.18.38.jpg 1600w\" sizes=\"(max-width: 1024px) 100vw, 1024px\" \/><br \/><br \/>Nerea maga m\u00f6g\u00f6tt hagyta Spanyolorsz\u00e1g meleg\u00e9t, \u00e9s az es\u0151s Rom\u00e1ni\u00e1ba k\u00f6lt\u00f6z\u00f6tt. K\u00edv\u00e1ncsi mindenre, ami helyi jellegzetess\u00e9g. Franciaorsz\u00e1gb\u00f3l \u00fcdv\u00f6z\u00f6lt\u00fck Quentint, aki m\u00e1r egy nagyon fontos feladatot kapott t\u0151l\u00fcnk: neki kell kital\u00e1lnia, hogyan k\u00e9sz\u00edts\u00fcnk \u00f3ri\u00e1si bubor\u00e9kokat! Timotej a szlov\u00e1k telet rom\u00e1nra cser\u00e9lte. Ha l\u00e1tod, hogy egy sz\u0151ke, elveszett fi\u00fa k\u00f3borol Sz\u00e9kelykreszt\u00far utc\u00e1in, k\u00e9rlek, adj n\u00e9h\u00e1ny \u00fatmutat\u00e1st az irod\u00e1hoz Jaanus sz\u00e1m\u00e1ra.<br \/><br \/>Meg\u00e9rkeztek, k\u00e9szen \u00e1lltak a munk\u00e1ra. Nem is vesztegett\u00e9k az id\u0151t, m\u00e1r az els\u0151 napokban seg\u00edtettek egy helyi esem\u00e9nyen a dekor\u00e1ci\u00f3 elk\u00e9sz\u00edt\u00e9s\u00e9ben. H\u00e9tf\u0151n az eg\u00e9sz csapattal tal\u00e1lkoztak irod\u00e1nkban. Ezt k\u00f6vet\u0151en tal\u00e1lkoztak a legt\u00f6bb emberrel, akikkel egy\u00fctt fognak dolgozni a szeretett v\u00e1rosunkban t\u00f6lt\u00f6tt 10 h\u00f3napjuk alatt.<br \/><br \/>K\u00e9t f\u0151 tev\u00e9kenys\u00e9gen fognak dolgozni. Az els\u0151 az \u00fagynevezett NGO Support. Annyira hivatalosan hangzik, nem? Ez a tev\u00e9kenys\u00e9g az ATA mindennapi \u00e9let\u00e9hez kapcsol\u00f3dik. \u00d6nk\u00e9nteseink, akik ebbe a tev\u00e9kenys\u00e9gbe kapcsol\u00f3dnak be, seg\u00edtenek a rendezv\u00e9nyszervez\u00e9sben, a workshopokban, az ifj\u00fas\u00e1gi mobilit\u00e1sokban, a tartalomgy\u00e1rt\u00e1sban \u00e9s az iroda k\u00f6r\u00fcli apr\u00f3 dolgokban.<br \/><br \/><img loading=\"lazy\" class=\"aligncenter size-large wp-image-7915\" src=\"https:\/\/www.ata-ro.eu\/wp-content\/uploads\/2022\/10\/Obrazok-WhatsApp-2022-10-17-o-09.53.01-1024x768.jpg\" alt=\"\" width=\"1024\" height=\"768\" srcset=\"https:\/\/www.ata-ro.eu\/wp-content\/uploads\/2022\/10\/Obrazok-WhatsApp-2022-10-17-o-09.53.01-1024x768.jpg 1024w, https:\/\/www.ata-ro.eu\/wp-content\/uploads\/2022\/10\/Obrazok-WhatsApp-2022-10-17-o-09.53.01-300x225.jpg 300w, https:\/\/www.ata-ro.eu\/wp-content\/uploads\/2022\/10\/Obrazok-WhatsApp-2022-10-17-o-09.53.01-768x576.jpg 768w, https:\/\/www.ata-ro.eu\/wp-content\/uploads\/2022\/10\/Obrazok-WhatsApp-2022-10-17-o-09.53.01-1536x1152.jpg 1536w, https:\/\/www.ata-ro.eu\/wp-content\/uploads\/2022\/10\/Obrazok-WhatsApp-2022-10-17-o-09.53.01-733x550.jpg 733w, https:\/\/www.ata-ro.eu\/wp-content\/uploads\/2022\/10\/Obrazok-WhatsApp-2022-10-17-o-09.53.01-1467x1100.jpg 1467w, https:\/\/www.ata-ro.eu\/wp-content\/uploads\/2022\/10\/Obrazok-WhatsApp-2022-10-17-o-09.53.01-80x60.jpg 80w, https:\/\/www.ata-ro.eu\/wp-content\/uploads\/2022\/10\/Obrazok-WhatsApp-2022-10-17-o-09.53.01-160x120.jpg 160w, https:\/\/www.ata-ro.eu\/wp-content\/uploads\/2022\/10\/Obrazok-WhatsApp-2022-10-17-o-09.53.01.jpg 1600w\" sizes=\"(max-width: 1024px) 100vw, 1024px\" \/><br \/>TA m\u00e1sodik az Inclusion Support. Ez ink\u00e1bb arr\u00f3l sz\u00f3l, hogy seg\u00edts\u00fck a fogyat\u00e9kkal \u00e9l\u0151kkel foglalkoz\u00f3 partnerszervezeteinket. Minden \u00f6nk\u00e9ntesnek, aki csatlakozik ehhez a programhoz, lehet\u0151s\u00e9ge lesz \u00e9nekelni, t\u00e1ncolni, k\u00e9zm\u0171veskedni a fogyat\u00e9kkal \u00e9l\u0151 emberekkel, akik cser\u00e9be megosztj\u00e1k szeretet\u00fcket. Ugyanakkor az \u00f6nk\u00e9ntesek t\u00e1mogathatj\u00e1k az \u00f3vodai \u00e9s \u00e1ltal\u00e1nos iskolai tan\u00e1rokat, ahol nem form\u00e1lis angol workshopokat szervezhetnek a gyerekeknek.\u00a0 Az \u00faj csapatnak m\u00e1r volt alkalma tal\u00e1lkozni a tev\u00e9kenys\u00e9gkoordin\u00e1torokkal, hogy t\u00f6bbet megtudjanak azokr\u00f3l a feladatokr\u00f3l, amelyek\u00e9rt a tart\u00f3zkod\u00e1suk alatt felel\u0151sek lesznek.<br \/><br \/>Egyel\u0151re csak ismerkednek a kult\u00far\u00e1val, a v\u00e1rossal, az orsz\u00e1ggal, viszont semmi k\u00e9ts\u00e9g\u00fcnk afel\u0151l, hogy hamarosan teljes \u00e9rt\u00e9k\u0171 tagjai lesznek a helyi k\u00f6z\u00f6ss\u00e9gnek. Ugyanakkor nem csup\u00e1n \u0151k fognak tanulni ezid\u0151 alatt, hanem mi is, hiszen betekint\u00e9st nyerhet\u00fcnk kult\u00far\u00e1jukba, valamint sz\u00ednes \u00f6tleteikkel fogj\u00e1k majd gazdag\u00edtani munk\u00e1ss\u00e1gunkat. Izgatottan v\u00e1gunk bele az elk\u00f6vetkez\u0151 10 h\u00f3napba!<\/p>","protected":false},"excerpt":{"rendered":"<p>Az \u00e9vszak \u00e9s az id\u0151j\u00e1r\u00e1s v\u00e1ltoz\u00e1s\u00e1val egyid\u0151ben egzes\u00fclet\u00fcnkn\u00e9l is v\u00e1ltoz\u00e1sok mennek v\u00e9gbe, term\u00e9szetesen pozit\u00edv ir\u00e1nyban. N\u00e9gy csod\u00e1latos fiatalt fogadtunk csendes kisv\u00e1rosunkban. A fiatalok az\u00e9rt \u00e9rkeztek, hogy egy kicsit sz\u00ednesebb\u00e9 tegy\u00e9k k\u00f6z\u00f6ss\u00e9g\u00fcnk \u00e9let\u00e9t. Mindegyik\u00fck Eur\u00f3pa k\u00fcl\u00f6nb\u00f6z\u0151 r\u00e9szeir\u0151l k\u00f6lt\u00f6z\u00f6tt v\u00e1rosunkba.Nerea maga m\u00f6g\u00f6tt hagyta Spanyolorsz\u00e1g meleg\u00e9t, \u00e9s az es\u0151s Rom\u00e1ni\u00e1ba k\u00f6lt\u00f6z\u00f6tt. K\u00edv\u00e1ncsi mindenre, ami helyi jellegzetess\u00e9g. Franciaorsz\u00e1gb\u00f3l \u00fcdv\u00f6z\u00f6lt\u00fck Quentint, aki m\u00e1r egy nagyon fontos feladatot kapott t\u0151l\u00fcnk: neki kell kital\u00e1lnia, hogyan k\u00e9sz\u00edts\u00fcnk \u00f3ri\u00e1si bubor\u00e9kokat! Timotej a szlov\u00e1k telet rom\u00e1nra cser\u00e9lte. Ha l\u00e1tod, hogy egy sz\u0151ke, elveszett fi\u00fa k\u00f3borol Sz\u00e9kelykreszt\u00far utc\u00e1in, k\u00e9rlek, adj n\u00e9h\u00e1ny<a class=\"more-link\" href=\"https:\/\/www.ata-ro.eu\/hu\/hirek\/uj-kaland-kezdete-az-ata-nal.html\">SEE DETAILS <span class=\"more-link-image\"><\/span><span class=\"more-link-hover-image\"><\/span><\/a><\/p>\n","protected":false},"author":6,"featured_media":7927,"comment_status":"closed","ping_status":"closed","sticky":false,"template":"","format":"standard","meta":{"_links_to":"","_links_to_target":""},"categories":[213],"tags":[],"yoast_head":"<!-- This site is optimized with the Yoast SEO plugin v18.2 - https:\/\/yoast.com\/wordpress\/plugins\/seo\/ -->\n<title>\u00daj kaland kezdete az ATA-n\u00e1l - Erd\u00e9lyi Ifj\u00fas\u00e1gi Egyes\u00fclet<\/title>\n<meta name=\"robots\" content=\"index, follow, max-snippet:-1, max-image-preview:large, max-video-preview:-1\" \/>\n<link rel=\"canonical\" href=\"https:\/\/www.ata-ro.eu\/hu\/hirek\/uj-kaland-kezdete-az-ata-nal.html\" \/>\n<meta property=\"og:locale\" content=\"hu_HU\" \/>\n<meta property=\"og:type\" content=\"article\" \/>\n<meta property=\"og:title\" content=\"\u00daj kaland kezdete az ATA-n\u00e1l - Erd\u00e9lyi Ifj\u00fas\u00e1gi Egyes\u00fclet\" \/>\n<meta property=\"og:description\" content=\"Az \u00e9vszak \u00e9s az id\u0151j\u00e1r\u00e1s v\u00e1ltoz\u00e1s\u00e1val egyid\u0151ben egzes\u00fclet\u00fcnkn\u00e9l is v\u00e1ltoz\u00e1sok mennek v\u00e9gbe, term\u00e9szetesen pozit\u00edv ir\u00e1nyban. N\u00e9gy csod\u00e1latos fiatalt fogadtunk csendes kisv\u00e1rosunkban. A fiatalok az\u00e9rt \u00e9rkeztek, hogy egy kicsit sz\u00ednesebb\u00e9 tegy\u00e9k k\u00f6z\u00f6ss\u00e9g\u00fcnk \u00e9let\u00e9t. Mindegyik\u00fck Eur\u00f3pa k\u00fcl\u00f6nb\u00f6z\u0151 r\u00e9szeir\u0151l k\u00f6lt\u00f6z\u00f6tt v\u00e1rosunkba.Nerea maga m\u00f6g\u00f6tt hagyta Spanyolorsz\u00e1g meleg\u00e9t, \u00e9s az es\u0151s Rom\u00e1ni\u00e1ba k\u00f6lt\u00f6z\u00f6tt. K\u00edv\u00e1ncsi mindenre, ami helyi jellegzetess\u00e9g. Franciaorsz\u00e1gb\u00f3l \u00fcdv\u00f6z\u00f6lt\u00fck Quentint, aki m\u00e1r egy nagyon fontos feladatot kapott t\u0151l\u00fcnk: neki kell kital\u00e1lnia, hogyan k\u00e9sz\u00edts\u00fcnk \u00f3ri\u00e1si bubor\u00e9kokat! Timotej a szlov\u00e1k telet rom\u00e1nra cser\u00e9lte. Ha l\u00e1tod, hogy egy sz\u0151ke, elveszett fi\u00fa k\u00f3borol Sz\u00e9kelykreszt\u00far utc\u00e1in, k\u00e9rlek, adj n\u00e9h\u00e1nySEE DETAILS\" \/>\n<meta property=\"og:url\" content=\"https:\/\/www.ata-ro.eu\/hu\/hirek\/uj-kaland-kezdete-az-ata-nal.html\" \/>\n<meta property=\"og:site_name\" content=\"Erd\u00e9lyi Ifj\u00fas\u00e1gi Egyes\u00fclet\" \/>\n<meta property=\"article:published_time\" content=\"2022-10-17T07:13:26+00:00\" \/>\n<meta property=\"article:modified_time\" content=\"2022-10-17T10:24:26+00:00\" \/>\n<meta property=\"og:image\" content=\"https:\/\/www.ata-ro.eu\/wp-content\/uploads\/2022\/10\/Obrazok-WhatsApp-2022-10-17-o-13.18.38.jpg\" \/>\n\t<meta property=\"og:image:width\" content=\"1600\" \/>\n\t<meta property=\"og:image:height\" content=\"1200\" \/>\n\t<meta property=\"og:image:type\" content=\"image\/jpeg\" \/>\n<meta name=\"twitter:card\" content=\"summary_large_image\" \/>\n<meta name=\"twitter:label1\" content=\"Szerz\u0151:\" \/>\n\t<meta name=\"twitter:data1\" content=\"Nikolas Varga\" \/>\n\t<meta name=\"twitter:label2\" content=\"Becs\u00fclt olvas\u00e1si id\u0151\" \/>\n\t<meta name=\"twitter:data2\" content=\"2 perc\" \/>\n<script type=\"application\/ld+json\" class=\"yoast-schema-graph\">{\"@context\":\"https:\/\/schema.org\",\"@graph\":[{\"@type\":\"WebSite\",\"@id\":\"https:\/\/www.ata-ro.eu\/hu#website\",\"url\":\"https:\/\/www.ata-ro.eu\/hu\",\"name\":\"Erd\u00e9lyi Ifj\u00fas\u00e1gi Egyes\u00fclet\",\"description\":\"\",\"potentialAction\":[{\"@type\":\"SearchAction\",\"target\":{\"@type\":\"EntryPoint\",\"urlTemplate\":\"https:\/\/www.ata-ro.eu\/hu?s={search_term_string}\"},\"query-input\":\"required name=search_term_string\"}],\"inLanguage\":\"hu\"},{\"@type\":\"ImageObject\",\"@id\":\"https:\/\/www.ata-ro.eu\/hu\/hirek\/uj-kaland-kezdete-az-ata-nal.html#primaryimage\",\"inLanguage\":\"hu\",\"url\":\"https:\/\/www.ata-ro.eu\/wp-content\/uploads\/2022\/10\/Obrazok-WhatsApp-2022-10-17-o-13.18.38.jpg\",\"contentUrl\":\"https:\/\/www.ata-ro.eu\/wp-content\/uploads\/2022\/10\/Obrazok-WhatsApp-2022-10-17-o-13.18.38.jpg\",\"width\":1600,\"height\":1200},{\"@type\":\"WebPage\",\"@id\":\"https:\/\/www.ata-ro.eu\/hu\/hirek\/uj-kaland-kezdete-az-ata-nal.html#webpage\",\"url\":\"https:\/\/www.ata-ro.eu\/hu\/hirek\/uj-kaland-kezdete-az-ata-nal.html\",\"name\":\"\u00daj kaland kezdete az ATA-n\u00e1l - Erd\u00e9lyi Ifj\u00fas\u00e1gi Egyes\u00fclet\",\"isPartOf\":{\"@id\":\"https:\/\/www.ata-ro.eu\/hu#website\"},\"primaryImageOfPage\":{\"@id\":\"https:\/\/www.ata-ro.eu\/hu\/hirek\/uj-kaland-kezdete-az-ata-nal.html#primaryimage\"},\"datePublished\":\"2022-10-17T07:13:26+00:00\",\"dateModified\":\"2022-10-17T10:24:26+00:00\",\"author\":{\"@id\":\"https:\/\/www.ata-ro.eu\/hu#\/schema\/person\/9d7b7eadd924f769b322bbc53397837e\"},\"breadcrumb\":{\"@id\":\"https:\/\/www.ata-ro.eu\/hu\/hirek\/uj-kaland-kezdete-az-ata-nal.html#breadcrumb\"},\"inLanguage\":\"hu\",\"potentialAction\":[{\"@type\":\"ReadAction\",\"target\":[\"https:\/\/www.ata-ro.eu\/hu\/hirek\/uj-kaland-kezdete-az-ata-nal.html\"]}]},{\"@type\":\"BreadcrumbList\",\"@id\":\"https:\/\/www.ata-ro.eu\/hu\/hirek\/uj-kaland-kezdete-az-ata-nal.html#breadcrumb\",\"itemListElement\":[{\"@type\":\"ListItem\",\"position\":1,\"name\":\"Home\",\"item\":\"https:\/\/www.ata-ro.eu\/hu\"},{\"@type\":\"ListItem\",\"position\":2,\"name\":\"\u00daj kaland kezdete az ATA-n\u00e1l\"}]},{\"@type\":\"Person\",\"@id\":\"https:\/\/www.ata-ro.eu\/hu#\/schema\/person\/9d7b7eadd924f769b322bbc53397837e\",\"name\":\"Nikolas Varga\",\"image\":{\"@type\":\"ImageObject\",\"@id\":\"https:\/\/www.ata-ro.eu\/hu#personlogo\",\"inLanguage\":\"hu\",\"url\":\"https:\/\/secure.gravatar.com\/avatar\/9ddca73acde253dfda6181d8c8b53858?s=96&d=mm&r=g\",\"contentUrl\":\"https:\/\/secure.gravatar.com\/avatar\/9ddca73acde253dfda6181d8c8b53858?s=96&d=mm&r=g\",\"caption\":\"Nikolas Varga\"},\"url\":\"https:\/\/www.ata-ro.eu\/hu\/author\/nikolas\"}]}<\/script>\n<!-- \/ Yoast SEO plugin. -->","yoast_head_json":{"title":"\u00daj kaland kezdete az ATA-n\u00e1l - Erd\u00e9lyi Ifj\u00fas\u00e1gi Egyes\u00fclet","robots":{"index":"index","follow":"follow","max-snippet":"max-snippet:-1","max-image-preview":"max-image-preview:large","max-video-preview":"max-video-preview:-1"},"canonical":"https:\/\/www.ata-ro.eu\/hu\/hirek\/uj-kaland-kezdete-az-ata-nal.html","og_locale":"hu_HU","og_type":"article","og_title":"\u00daj kaland kezdete az ATA-n\u00e1l - Erd\u00e9lyi Ifj\u00fas\u00e1gi Egyes\u00fclet","og_description":"Az \u00e9vszak \u00e9s az id\u0151j\u00e1r\u00e1s v\u00e1ltoz\u00e1s\u00e1val egyid\u0151ben egzes\u00fclet\u00fcnkn\u00e9l is v\u00e1ltoz\u00e1sok mennek v\u00e9gbe, term\u00e9szetesen pozit\u00edv ir\u00e1nyban. N\u00e9gy csod\u00e1latos fiatalt fogadtunk csendes kisv\u00e1rosunkban. A fiatalok az\u00e9rt \u00e9rkeztek, hogy egy kicsit sz\u00ednesebb\u00e9 tegy\u00e9k k\u00f6z\u00f6ss\u00e9g\u00fcnk \u00e9let\u00e9t. Mindegyik\u00fck Eur\u00f3pa k\u00fcl\u00f6nb\u00f6z\u0151 r\u00e9szeir\u0151l k\u00f6lt\u00f6z\u00f6tt v\u00e1rosunkba.Nerea maga m\u00f6g\u00f6tt hagyta Spanyolorsz\u00e1g meleg\u00e9t, \u00e9s az es\u0151s Rom\u00e1ni\u00e1ba k\u00f6lt\u00f6z\u00f6tt. K\u00edv\u00e1ncsi mindenre, ami helyi jellegzetess\u00e9g. Franciaorsz\u00e1gb\u00f3l \u00fcdv\u00f6z\u00f6lt\u00fck Quentint, aki m\u00e1r egy nagyon fontos feladatot kapott t\u0151l\u00fcnk: neki kell kital\u00e1lnia, hogyan k\u00e9sz\u00edts\u00fcnk \u00f3ri\u00e1si bubor\u00e9kokat! Timotej a szlov\u00e1k telet rom\u00e1nra cser\u00e9lte. Ha l\u00e1tod, hogy egy sz\u0151ke, elveszett fi\u00fa k\u00f3borol Sz\u00e9kelykreszt\u00far utc\u00e1in, k\u00e9rlek, adj n\u00e9h\u00e1nySEE DETAILS","og_url":"https:\/\/www.ata-ro.eu\/hu\/hirek\/uj-kaland-kezdete-az-ata-nal.html","og_site_name":"Erd\u00e9lyi Ifj\u00fas\u00e1gi Egyes\u00fclet","article_published_time":"2022-10-17T07:13:26+00:00","article_modified_time":"2022-10-17T10:24:26+00:00","og_image":[{"width":1600,"height":1200,"url":"https:\/\/www.ata-ro.eu\/wp-content\/uploads\/2022\/10\/Obrazok-WhatsApp-2022-10-17-o-13.18.38.jpg","type":"image\/jpeg"}],"twitter_card":"summary_large_image","twitter_misc":{"Szerz\u0151:":"Nikolas Varga","Becs\u00fclt olvas\u00e1si id\u0151":"2 perc"},"schema":{"@context":"https:\/\/schema.org","@graph":[{"@type":"WebSite","@id":"https:\/\/www.ata-ro.eu\/hu#website","url":"https:\/\/www.ata-ro.eu\/hu","name":"Erd\u00e9lyi Ifj\u00fas\u00e1gi Egyes\u00fclet","description":"","potentialAction":[{"@type":"SearchAction","target":{"@type":"EntryPoint","urlTemplate":"https:\/\/www.ata-ro.eu\/hu?s={search_term_string}"},"query-input":"required name=search_term_string"}],"inLanguage":"hu"},{"@type":"ImageObject","@id":"https:\/\/www.ata-ro.eu\/hu\/hirek\/uj-kaland-kezdete-az-ata-nal.html#primaryimage","inLanguage":"hu","url":"https:\/\/www.ata-ro.eu\/wp-content\/uploads\/2022\/10\/Obrazok-WhatsApp-2022-10-17-o-13.18.38.jpg","contentUrl":"https:\/\/www.ata-ro.eu\/wp-content\/uploads\/2022\/10\/Obrazok-WhatsApp-2022-10-17-o-13.18.38.jpg","width":1600,"height":1200},{"@type":"WebPage","@id":"https:\/\/www.ata-ro.eu\/hu\/hirek\/uj-kaland-kezdete-az-ata-nal.html#webpage","url":"https:\/\/www.ata-ro.eu\/hu\/hirek\/uj-kaland-kezdete-az-ata-nal.html","name":"\u00daj kaland kezdete az ATA-n\u00e1l - Erd\u00e9lyi Ifj\u00fas\u00e1gi Egyes\u00fclet","isPartOf":{"@id":"https:\/\/www.ata-ro.eu\/hu#website"},"primaryImageOfPage":{"@id":"https:\/\/www.ata-ro.eu\/hu\/hirek\/uj-kaland-kezdete-az-ata-nal.html#primaryimage"},"datePublished":"2022-10-17T07:13:26+00:00","dateModified":"2022-10-17T10:24:26+00:00","author":{"@id":"https:\/\/www.ata-ro.eu\/hu#\/schema\/person\/9d7b7eadd924f769b322bbc53397837e"},"breadcrumb":{"@id":"https:\/\/www.ata-ro.eu\/hu\/hirek\/uj-kaland-kezdete-az-ata-nal.html#breadcrumb"},"inLanguage":"hu","potentialAction":[{"@type":"ReadAction","target":["https:\/\/www.ata-ro.eu\/hu\/hirek\/uj-kaland-kezdete-az-ata-nal.html"]}]},{"@type":"BreadcrumbList","@id":"https:\/\/www.ata-ro.eu\/hu\/hirek\/uj-kaland-kezdete-az-ata-nal.html#breadcrumb","itemListElement":[{"@type":"ListItem","position":1,"name":"Home","item":"https:\/\/www.ata-ro.eu\/hu"},{"@type":"ListItem","position":2,"name":"\u00daj kaland kezdete az ATA-n\u00e1l"}]},{"@type":"Person","@id":"https:\/\/www.ata-ro.eu\/hu#\/schema\/person\/9d7b7eadd924f769b322bbc53397837e","name":"Nikolas Varga","image":{"@type":"ImageObject","@id":"https:\/\/www.ata-ro.eu\/hu#personlogo","inLanguage":"hu","url":"https:\/\/secure.gravatar.com\/avatar\/9ddca73acde253dfda6181d8c8b53858?s=96&d=mm&r=g","contentUrl":"https:\/\/secure.gravatar.com\/avatar\/9ddca73acde253dfda6181d8c8b53858?s=96&d=mm&r=g","caption":"Nikolas Varga"},"url":"https:\/\/www.ata-ro.eu\/hu\/author\/nikolas"}]}},"_links":{"self":[{"href":"https:\/\/www.ata-ro.eu\/hu\/wp-json\/wp\/v2\/posts\/7920"}],"collection":[{"href":"https:\/\/www.ata-ro.eu\/hu\/wp-json\/wp\/v2\/posts"}],"about":[{"href":"https:\/\/www.ata-ro.eu\/hu\/wp-json\/wp\/v2\/types\/post"}],"author":[{"embeddable":true,"href":"https:\/\/www.ata-ro.eu\/hu\/wp-json\/wp\/v2\/users\/6"}],"replies":[{"embeddable":true,"href":"https:\/\/www.ata-ro.eu\/hu\/wp-json\/wp\/v2\/comments?post=7920"}],"version-history":[{"count":4,"href":"https:\/\/www.ata-ro.eu\/hu\/wp-json\/wp\/v2\/posts\/7920\/revisions"}],"predecessor-version":[{"id":7930,"href":"https:\/\/www.ata-ro.eu\/hu\/wp-json\/wp\/v2\/posts\/7920\/revisions\/7930"}],"wp:featuredmedia":[{"embeddable":true,"href":"https:\/\/www.ata-ro.eu\/hu\/wp-json\/wp\/v2\/media\/7927"}],"wp:attachment":[{"href":"https:\/\/www.ata-ro.eu\/hu\/wp-json\/wp\/v2\/media?parent=7920"}],"wp:term":[{"taxonomy":"category","embeddable":true,"href":"https:\/\/www.ata-ro.eu\/hu\/wp-json\/wp\/v2\/categories?post=7920"},{"taxonomy":"post_tag","embeddable":true,"href":"https:\/\/www.ata-ro.eu\/hu\/wp-json\/wp\/v2\/tags?post=7920"}],"curies":[{"name":"wp","href":"https:\/\/api.w.org\/{rel}","templated":true}]}}