{"id":8087,"date":"2022-04-15T16:09:33","date_gmt":"2022-04-15T13:09:33","guid":{"rendered":"https:\/\/www.ata-ro.eu\/hirek\/our-emotional-management-project-hosts-the-job-shadowing-in-romania.html"},"modified":"2022-10-30T14:47:43","modified_gmt":"2022-10-30T12:47:43","slug":"our-emotional-management-project-hosts-the-job-shadowing-in-romania","status":"publish","type":"post","link":"https:\/\/www.ata-ro.eu\/hu\/hirek\/our-emotional-management-project-hosts-the-job-shadowing-in-romania.html","title":{"rendered":"\u00c9rzelmi menedzsment projekt\u00fcnk szakmai l\u00e1togat\u00e1st szervezett Kereszt\u00faron"},"content":{"rendered":"<p>November 6. \u00e9s 13. k\u00f6z\u00f6tt mi \u00e9s Liceul Teoretic &#8220;\u00d3rban Bal\u00e0zs&#8221; voltunk a h\u00e1zigazd\u00e1i annak a szakmai l\u00e1togat\u00e1snak, amelyre a rom\u00e1niai Cristuru Secuiescben ker\u00fclt sor az &#8220;Emotional Management: Tool to Fight Social Media Dependency&#8221; elnevez\u00e9s\u0171 projekt r\u00e9szek\u00e9nt, amely az Eur\u00f3pai Bizotts\u00e1g Erasmus+ programja \u00e1ltal finansz\u00edrozott strat\u00e9giai partners\u00e9g. Portug\u00e1liai \u00e9s spanyolorsz\u00e1gi tan\u00e1rok \u00e9s ifj\u00fas\u00e1gseg\u00edt\u0151k vettek r\u00e9szt a job shadowingban.<!--more--><br \/><img loading=\"lazy\" class=\"aligncenter size-full wp-image-5746\" src=\"https:\/\/www.ata-ro.eu\/wp-content\/uploads\/2020\/09\/emotional-manage.jpg\" alt=\"\" width=\"500\" height=\"319\" srcset=\"https:\/\/www.ata-ro.eu\/wp-content\/uploads\/2020\/09\/emotional-manage.jpg 500w, https:\/\/www.ata-ro.eu\/wp-content\/uploads\/2020\/09\/emotional-manage-300x191.jpg 300w\" sizes=\"(max-width: 500px) 100vw, 500px\" \/><\/p><p>Ebben a projektben h\u00e1rom orsz\u00e1gb\u00f3l (Spanyolorsz\u00e1g, Portug\u00e1lia \u00e9s Rom\u00e1nia) sz\u00e1mos iskolai, v\u00e1rosh\u00e1zi \u00e9s nem korm\u00e1nyzati szervezet (NGO) szakembere vesz r\u00e9szt, \u00e9s c\u00e9lja, hogy jav\u00edtsa az \u00f6sszes r\u00e9sztvev\u0151 azon k\u00e9pess\u00e9g\u00e9t, hogy azonos\u00edts\u00e1k az \u00e9rz\u00e9seket \u00e9s \u00e9rzelmeket, valamint kezelj\u00e9k \u0151ket, \u00e9s tudj\u00e1k, hogyan seg\u00edthetnek m\u00e1soknak, amikor di\u00e1kokkal \u00e9s ifj\u00fas\u00e1gi csoportokkal dolgoznak, hozz\u00e1j\u00e1rulva a k\u00f6z\u00f6ss\u00e9gi h\u00e1l\u00f3zatokt\u00f3l val\u00f3 f\u00fcgg\u0151s\u00e9g cs\u00f6kkent\u00e9s\u00e9hez.<\/p><p>\u00a0A tan\u00e1rok k\u00fcl\u00f6nb\u00f6z\u0151 tev\u00e9kenys\u00e9gekben vettek r\u00e9szt a Liceul Teoretic &#8220;\u00d3rban Bal\u00e0zs&#8221;, Cristuru Secuiesc k\u00f6z\u00e9piskol\u00e1j\u00e1ban, ahol egy\u00fcttm\u0171k\u00f6d\u00e9si munk\u00e1t v\u00e9geztek az oktat\u00e1si gyakorlatok megfigyel\u00e9s\u00e9ben \u00e9s megoszt\u00e1s\u00e1ban portug\u00e1l \u00e9s spanyol tan\u00e1rokkal. T\u00f6bb oszt\u00e1ly k\u00f6zvetlen megfigyel\u00e9se mellett a legk\u00fcl\u00f6nb\u00f6z\u0151bb tudom\u00e1ny\u00e1gakban (matematika, fizika, k\u00e9mia, f\u00f6ldrajz, n\u00e9met stb.) a tan\u00e1roknak lehet\u0151s\u00e9g\u00fck volt arra is, hogy a 11. \u00e9v egyes oszt\u00e1lyaiban az \u00e9rzelmi menedzsmenttel kapcsolatos tartalmat tan\u00edts\u00e1k, valamint r\u00e9szt vegyenek n\u00e9h\u00e1ny tan\u00f3r\u00e1n k\u00edv\u00fcli tev\u00e9kenys\u00e9gben.<img loading=\"lazy\" class=\"aligncenter  wp-image-8030\" src=\"https:\/\/www.ata-ro.eu\/wp-content\/uploads\/2022\/10\/JS-RO.jpg\" alt=\"\" width=\"1023\" height=\"575\" srcset=\"https:\/\/www.ata-ro.eu\/wp-content\/uploads\/2022\/10\/JS-RO.jpg 1023w, https:\/\/www.ata-ro.eu\/wp-content\/uploads\/2022\/10\/JS-RO-300x169.jpg 300w, https:\/\/www.ata-ro.eu\/wp-content\/uploads\/2022\/10\/JS-RO-768x432.jpg 768w, https:\/\/www.ata-ro.eu\/wp-content\/uploads\/2022\/10\/JS-RO-979x550.jpg 979w\" sizes=\"(max-width: 1023px) 100vw, 1023px\" \/><\/p><p>Kultur\u00e1lis szinten n\u00e9h\u00e1ny l\u00e1togat\u00e1st tettek olyan helyeken, mint Viscri, az UNESCO Vil\u00e1g\u00f6r\u00f6ks\u00e9g r\u00e9sze, \u00e9s ahol K\u00e1roly walesi hercegnek nyaral\u00f3ja van; l\u00e1togat\u00e1s a h\u00edres Vlad Dracul (Drakula), Segesv\u00e1r mitikus v\u00e1ros\u00e1nak haz\u00e1j\u00e1ban. A l\u00e1togat\u00e1s, amely ezt az \u00e9lm\u00e9nyt legink\u00e1bb jellemezte, a Parajd s\u00f3b\u00e1ny\u00e1i voltak, amelyek fantasztikus gal\u00e9ri\u00e1i p\u00e9ld\u00e1tlan \u00e9lm\u00e9nyt jelentettek minden r\u00e9sztvev\u0151 sz\u00e1m\u00e1ra.<\/p><p>\u00a0Ennek a szakmai l\u00e1togat\u00e1snak az egyik utols\u00f3 tev\u00e9kenys\u00e9gek\u00e9nt a fogad\u00f3 iskola kultur\u00e1lis soiree-t tartott, ahol a tan\u00e1roknak lehet\u0151s\u00e9g\u00fck volt megismerni az adott telep\u00fcl\u00e9s szok\u00e1sait \u00e9s hagyom\u00e1nyait.<\/p><p>\u00a0V\u00e9g\u00fcl minden vend\u00e9g \u00e9s h\u00e1zigazda \u00f6sszegy\u0171lt irod\u00e1inkban, \u00e9s visszatekint\u00e9s k\u00e9sz\u00fclt a teljes projektr\u0151l, amely 2019 kezdete \u00f3ta egyens\u00falyban van a szakmai l\u00e1togat\u00e1s (job shadowing) tev\u00e9kenys\u00e9geinek \u00e9s a j\u00f6v\u0151beli tev\u00e9kenys\u00e9gek id\u0151z\u00edt\u00e9s\u00e9nek egyens\u00faly\u00e1ban.<\/p><p>\u00a0Nyolc nap volt a megoszt\u00e1s \u00e9s az intenz\u00edv munka, amelynek sor\u00e1n a r\u00e9szt vev\u0151 tan\u00e1rok szem\u00e9lyes \u00e9s szakmai szinten is meggazdagodtak, kapcsolatokat \u00e9p\u00edtettek ki az \u00f6sszes \u00e9rdekelt f\u00e9llel, \u00e9s fejlesztett\u00e9k a nyelvi k\u00e9szs\u00e9geket, bele\u00e9rtve az angol nyelvet is.<\/p>","protected":false},"excerpt":{"rendered":"<p>November 6. \u00e9s 13. k\u00f6z\u00f6tt mi \u00e9s Liceul Teoretic &#8220;\u00d3rban Bal\u00e0zs&#8221; voltunk a h\u00e1zigazd\u00e1i annak a szakmai l\u00e1togat\u00e1snak, amelyre a rom\u00e1niai Cristuru Secuiescben ker\u00fclt sor az &#8220;Emotional Management: Tool to Fight Social Media Dependency&#8221; elnevez\u00e9s\u0171 projekt r\u00e9szek\u00e9nt, amely az Eur\u00f3pai Bizotts\u00e1g Erasmus+ programja \u00e1ltal finansz\u00edrozott strat\u00e9giai partners\u00e9g. Portug\u00e1liai \u00e9s spanyolorsz\u00e1gi tan\u00e1rok \u00e9s ifj\u00fas\u00e1gseg\u00edt\u0151k vettek r\u00e9szt a job shadowingban.<\/p>\n","protected":false},"author":1,"featured_media":5747,"comment_status":"closed","ping_status":"closed","sticky":false,"template":"","format":"standard","meta":{"_links_to":"","_links_to_target":""},"categories":[213],"tags":[],"yoast_head":"<!-- This site is optimized with the Yoast SEO plugin v18.2 - https:\/\/yoast.com\/wordpress\/plugins\/seo\/ -->\n<title>\u00c9rzelmi menedzsment projekt\u00fcnk szakmai l\u00e1togat\u00e1st szervezett Kereszt\u00faron - Erd\u00e9lyi Ifj\u00fas\u00e1gi Egyes\u00fclet<\/title>\n<meta name=\"robots\" content=\"index, follow, max-snippet:-1, max-image-preview:large, max-video-preview:-1\" \/>\n<link rel=\"canonical\" href=\"https:\/\/www.ata-ro.eu\/hu\/hirek\/our-emotional-management-project-hosts-the-job-shadowing-in-romania.html\" \/>\n<meta property=\"og:locale\" content=\"hu_HU\" \/>\n<meta property=\"og:type\" content=\"article\" \/>\n<meta property=\"og:title\" content=\"\u00c9rzelmi menedzsment projekt\u00fcnk szakmai l\u00e1togat\u00e1st szervezett Kereszt\u00faron - Erd\u00e9lyi Ifj\u00fas\u00e1gi Egyes\u00fclet\" \/>\n<meta property=\"og:description\" content=\"November 6. \u00e9s 13. k\u00f6z\u00f6tt mi \u00e9s Liceul Teoretic &#8220;\u00d3rban Bal\u00e0zs&#8221; voltunk a h\u00e1zigazd\u00e1i annak a szakmai l\u00e1togat\u00e1snak, amelyre a rom\u00e1niai Cristuru Secuiescben ker\u00fclt sor az &#8220;Emotional Management: Tool to Fight Social Media Dependency&#8221; elnevez\u00e9s\u0171 projekt r\u00e9szek\u00e9nt, amely az Eur\u00f3pai Bizotts\u00e1g Erasmus+ programja \u00e1ltal finansz\u00edrozott strat\u00e9giai partners\u00e9g. Portug\u00e1liai \u00e9s spanyolorsz\u00e1gi tan\u00e1rok \u00e9s ifj\u00fas\u00e1gseg\u00edt\u0151k vettek r\u00e9szt a job shadowingban.\" \/>\n<meta property=\"og:url\" content=\"https:\/\/www.ata-ro.eu\/hu\/hirek\/our-emotional-management-project-hosts-the-job-shadowing-in-romania.html\" \/>\n<meta property=\"og:site_name\" content=\"Erd\u00e9lyi Ifj\u00fas\u00e1gi Egyes\u00fclet\" \/>\n<meta property=\"article:published_time\" content=\"2022-04-15T13:09:33+00:00\" \/>\n<meta property=\"article:modified_time\" content=\"2022-10-30T12:47:43+00:00\" \/>\n<meta property=\"og:image\" content=\"https:\/\/www.ata-ro.eu\/wp-content\/uploads\/2020\/09\/emotional-manage.jpg\" \/>\n\t<meta property=\"og:image:width\" content=\"500\" \/>\n\t<meta property=\"og:image:height\" content=\"319\" \/>\n\t<meta property=\"og:image:type\" content=\"image\/jpeg\" \/>\n<meta name=\"twitter:card\" content=\"summary_large_image\" \/>\n<meta name=\"twitter:label1\" content=\"Szerz\u0151:\" \/>\n\t<meta name=\"twitter:data1\" content=\"admin\" \/>\n\t<meta name=\"twitter:label2\" content=\"Becs\u00fclt olvas\u00e1si id\u0151\" \/>\n\t<meta name=\"twitter:data2\" content=\"3 perc\" \/>\n<script type=\"application\/ld+json\" class=\"yoast-schema-graph\">{\"@context\":\"https:\/\/schema.org\",\"@graph\":[{\"@type\":\"WebSite\",\"@id\":\"https:\/\/www.ata-ro.eu\/hu#website\",\"url\":\"https:\/\/www.ata-ro.eu\/hu\",\"name\":\"Erd\u00e9lyi Ifj\u00fas\u00e1gi Egyes\u00fclet\",\"description\":\"\",\"potentialAction\":[{\"@type\":\"SearchAction\",\"target\":{\"@type\":\"EntryPoint\",\"urlTemplate\":\"https:\/\/www.ata-ro.eu\/hu?s={search_term_string}\"},\"query-input\":\"required name=search_term_string\"}],\"inLanguage\":\"hu\"},{\"@type\":\"ImageObject\",\"@id\":\"https:\/\/www.ata-ro.eu\/hu\/hirek\/our-emotional-management-project-hosts-the-job-shadowing-in-romania.html#primaryimage\",\"inLanguage\":\"hu\",\"url\":\"https:\/\/www.ata-ro.eu\/wp-content\/uploads\/2020\/09\/emotional-manage.jpg\",\"contentUrl\":\"https:\/\/www.ata-ro.eu\/wp-content\/uploads\/2020\/09\/emotional-manage.jpg\",\"width\":500,\"height\":319},{\"@type\":\"WebPage\",\"@id\":\"https:\/\/www.ata-ro.eu\/hu\/hirek\/our-emotional-management-project-hosts-the-job-shadowing-in-romania.html#webpage\",\"url\":\"https:\/\/www.ata-ro.eu\/hu\/hirek\/our-emotional-management-project-hosts-the-job-shadowing-in-romania.html\",\"name\":\"\u00c9rzelmi menedzsment projekt\u00fcnk szakmai l\u00e1togat\u00e1st szervezett Kereszt\u00faron - Erd\u00e9lyi Ifj\u00fas\u00e1gi Egyes\u00fclet\",\"isPartOf\":{\"@id\":\"https:\/\/www.ata-ro.eu\/hu#website\"},\"primaryImageOfPage\":{\"@id\":\"https:\/\/www.ata-ro.eu\/hu\/hirek\/our-emotional-management-project-hosts-the-job-shadowing-in-romania.html#primaryimage\"},\"datePublished\":\"2022-04-15T13:09:33+00:00\",\"dateModified\":\"2022-10-30T12:47:43+00:00\",\"author\":{\"@id\":\"https:\/\/www.ata-ro.eu\/hu#\/schema\/person\/ffeae12efe8d0ed10e9319474a7ec96c\"},\"breadcrumb\":{\"@id\":\"https:\/\/www.ata-ro.eu\/hu\/hirek\/our-emotional-management-project-hosts-the-job-shadowing-in-romania.html#breadcrumb\"},\"inLanguage\":\"hu\",\"potentialAction\":[{\"@type\":\"ReadAction\",\"target\":[\"https:\/\/www.ata-ro.eu\/hu\/hirek\/our-emotional-management-project-hosts-the-job-shadowing-in-romania.html\"]}]},{\"@type\":\"BreadcrumbList\",\"@id\":\"https:\/\/www.ata-ro.eu\/hu\/hirek\/our-emotional-management-project-hosts-the-job-shadowing-in-romania.html#breadcrumb\",\"itemListElement\":[{\"@type\":\"ListItem\",\"position\":1,\"name\":\"Home\",\"item\":\"https:\/\/www.ata-ro.eu\/hu\"},{\"@type\":\"ListItem\",\"position\":2,\"name\":\"\u00c9rzelmi menedzsment projekt\u00fcnk szakmai l\u00e1togat\u00e1st szervezett Kereszt\u00faron\"}]},{\"@type\":\"Person\",\"@id\":\"https:\/\/www.ata-ro.eu\/hu#\/schema\/person\/ffeae12efe8d0ed10e9319474a7ec96c\",\"name\":\"admin\",\"image\":{\"@type\":\"ImageObject\",\"@id\":\"https:\/\/www.ata-ro.eu\/hu#personlogo\",\"inLanguage\":\"hu\",\"url\":\"https:\/\/secure.gravatar.com\/avatar\/05b44965b6d2a25d684a33cf56408aa8?s=96&d=mm&r=g\",\"contentUrl\":\"https:\/\/secure.gravatar.com\/avatar\/05b44965b6d2a25d684a33cf56408aa8?s=96&d=mm&r=g\",\"caption\":\"admin\"},\"url\":\"https:\/\/www.ata-ro.eu\/hu\/author\/admin\"}]}<\/script>\n<!-- \/ Yoast SEO plugin. -->","yoast_head_json":{"title":"\u00c9rzelmi menedzsment projekt\u00fcnk szakmai l\u00e1togat\u00e1st szervezett Kereszt\u00faron - Erd\u00e9lyi Ifj\u00fas\u00e1gi Egyes\u00fclet","robots":{"index":"index","follow":"follow","max-snippet":"max-snippet:-1","max-image-preview":"max-image-preview:large","max-video-preview":"max-video-preview:-1"},"canonical":"https:\/\/www.ata-ro.eu\/hu\/hirek\/our-emotional-management-project-hosts-the-job-shadowing-in-romania.html","og_locale":"hu_HU","og_type":"article","og_title":"\u00c9rzelmi menedzsment projekt\u00fcnk szakmai l\u00e1togat\u00e1st szervezett Kereszt\u00faron - Erd\u00e9lyi Ifj\u00fas\u00e1gi Egyes\u00fclet","og_description":"November 6. \u00e9s 13. k\u00f6z\u00f6tt mi \u00e9s Liceul Teoretic &#8220;\u00d3rban Bal\u00e0zs&#8221; voltunk a h\u00e1zigazd\u00e1i annak a szakmai l\u00e1togat\u00e1snak, amelyre a rom\u00e1niai Cristuru Secuiescben ker\u00fclt sor az &#8220;Emotional Management: Tool to Fight Social Media Dependency&#8221; elnevez\u00e9s\u0171 projekt r\u00e9szek\u00e9nt, amely az Eur\u00f3pai Bizotts\u00e1g Erasmus+ programja \u00e1ltal finansz\u00edrozott strat\u00e9giai partners\u00e9g. Portug\u00e1liai \u00e9s spanyolorsz\u00e1gi tan\u00e1rok \u00e9s ifj\u00fas\u00e1gseg\u00edt\u0151k vettek r\u00e9szt a job shadowingban.","og_url":"https:\/\/www.ata-ro.eu\/hu\/hirek\/our-emotional-management-project-hosts-the-job-shadowing-in-romania.html","og_site_name":"Erd\u00e9lyi Ifj\u00fas\u00e1gi Egyes\u00fclet","article_published_time":"2022-04-15T13:09:33+00:00","article_modified_time":"2022-10-30T12:47:43+00:00","og_image":[{"width":500,"height":319,"url":"https:\/\/www.ata-ro.eu\/wp-content\/uploads\/2020\/09\/emotional-manage.jpg","type":"image\/jpeg"}],"twitter_card":"summary_large_image","twitter_misc":{"Szerz\u0151:":"admin","Becs\u00fclt olvas\u00e1si id\u0151":"3 perc"},"schema":{"@context":"https:\/\/schema.org","@graph":[{"@type":"WebSite","@id":"https:\/\/www.ata-ro.eu\/hu#website","url":"https:\/\/www.ata-ro.eu\/hu","name":"Erd\u00e9lyi Ifj\u00fas\u00e1gi Egyes\u00fclet","description":"","potentialAction":[{"@type":"SearchAction","target":{"@type":"EntryPoint","urlTemplate":"https:\/\/www.ata-ro.eu\/hu?s={search_term_string}"},"query-input":"required name=search_term_string"}],"inLanguage":"hu"},{"@type":"ImageObject","@id":"https:\/\/www.ata-ro.eu\/hu\/hirek\/our-emotional-management-project-hosts-the-job-shadowing-in-romania.html#primaryimage","inLanguage":"hu","url":"https:\/\/www.ata-ro.eu\/wp-content\/uploads\/2020\/09\/emotional-manage.jpg","contentUrl":"https:\/\/www.ata-ro.eu\/wp-content\/uploads\/2020\/09\/emotional-manage.jpg","width":500,"height":319},{"@type":"WebPage","@id":"https:\/\/www.ata-ro.eu\/hu\/hirek\/our-emotional-management-project-hosts-the-job-shadowing-in-romania.html#webpage","url":"https:\/\/www.ata-ro.eu\/hu\/hirek\/our-emotional-management-project-hosts-the-job-shadowing-in-romania.html","name":"\u00c9rzelmi menedzsment projekt\u00fcnk szakmai l\u00e1togat\u00e1st szervezett Kereszt\u00faron - Erd\u00e9lyi Ifj\u00fas\u00e1gi Egyes\u00fclet","isPartOf":{"@id":"https:\/\/www.ata-ro.eu\/hu#website"},"primaryImageOfPage":{"@id":"https:\/\/www.ata-ro.eu\/hu\/hirek\/our-emotional-management-project-hosts-the-job-shadowing-in-romania.html#primaryimage"},"datePublished":"2022-04-15T13:09:33+00:00","dateModified":"2022-10-30T12:47:43+00:00","author":{"@id":"https:\/\/www.ata-ro.eu\/hu#\/schema\/person\/ffeae12efe8d0ed10e9319474a7ec96c"},"breadcrumb":{"@id":"https:\/\/www.ata-ro.eu\/hu\/hirek\/our-emotional-management-project-hosts-the-job-shadowing-in-romania.html#breadcrumb"},"inLanguage":"hu","potentialAction":[{"@type":"ReadAction","target":["https:\/\/www.ata-ro.eu\/hu\/hirek\/our-emotional-management-project-hosts-the-job-shadowing-in-romania.html"]}]},{"@type":"BreadcrumbList","@id":"https:\/\/www.ata-ro.eu\/hu\/hirek\/our-emotional-management-project-hosts-the-job-shadowing-in-romania.html#breadcrumb","itemListElement":[{"@type":"ListItem","position":1,"name":"Home","item":"https:\/\/www.ata-ro.eu\/hu"},{"@type":"ListItem","position":2,"name":"\u00c9rzelmi menedzsment projekt\u00fcnk szakmai l\u00e1togat\u00e1st szervezett Kereszt\u00faron"}]},{"@type":"Person","@id":"https:\/\/www.ata-ro.eu\/hu#\/schema\/person\/ffeae12efe8d0ed10e9319474a7ec96c","name":"admin","image":{"@type":"ImageObject","@id":"https:\/\/www.ata-ro.eu\/hu#personlogo","inLanguage":"hu","url":"https:\/\/secure.gravatar.com\/avatar\/05b44965b6d2a25d684a33cf56408aa8?s=96&d=mm&r=g","contentUrl":"https:\/\/secure.gravatar.com\/avatar\/05b44965b6d2a25d684a33cf56408aa8?s=96&d=mm&r=g","caption":"admin"},"url":"https:\/\/www.ata-ro.eu\/hu\/author\/admin"}]}},"_links":{"self":[{"href":"https:\/\/www.ata-ro.eu\/hu\/wp-json\/wp\/v2\/posts\/8087"}],"collection":[{"href":"https:\/\/www.ata-ro.eu\/hu\/wp-json\/wp\/v2\/posts"}],"about":[{"href":"https:\/\/www.ata-ro.eu\/hu\/wp-json\/wp\/v2\/types\/post"}],"author":[{"embeddable":true,"href":"https:\/\/www.ata-ro.eu\/hu\/wp-json\/wp\/v2\/users\/1"}],"replies":[{"embeddable":true,"href":"https:\/\/www.ata-ro.eu\/hu\/wp-json\/wp\/v2\/comments?post=8087"}],"version-history":[{"count":2,"href":"https:\/\/www.ata-ro.eu\/hu\/wp-json\/wp\/v2\/posts\/8087\/revisions"}],"predecessor-version":[{"id":8089,"href":"https:\/\/www.ata-ro.eu\/hu\/wp-json\/wp\/v2\/posts\/8087\/revisions\/8089"}],"wp:featuredmedia":[{"embeddable":true,"href":"https:\/\/www.ata-ro.eu\/hu\/wp-json\/wp\/v2\/media\/5747"}],"wp:attachment":[{"href":"https:\/\/www.ata-ro.eu\/hu\/wp-json\/wp\/v2\/media?parent=8087"}],"wp:term":[{"taxonomy":"category","embeddable":true,"href":"https:\/\/www.ata-ro.eu\/hu\/wp-json\/wp\/v2\/categories?post=8087"},{"taxonomy":"post_tag","embeddable":true,"href":"https:\/\/www.ata-ro.eu\/hu\/wp-json\/wp\/v2\/tags?post=8087"}],"curies":[{"name":"wp","href":"https:\/\/api.w.org\/{rel}","templated":true}]}}