{"id":8285,"date":"2023-01-18T09:17:05","date_gmt":"2023-01-18T07:17:05","guid":{"rendered":"https:\/\/www.ata-ro.eu\/?p=8285"},"modified":"2023-01-18T09:17:05","modified_gmt":"2023-01-18T07:17:05","slug":"vesile-egeszsegugyi-onkentesunk","status":"publish","type":"post","link":"https:\/\/www.ata-ro.eu\/hu\/hirek\/vesile-egeszsegugyi-onkentesunk.html","title":{"rendered":"Vesile, eg\u00e9szs\u00e9g\u00fcgyi \u00f6nk\u00e9ntes\u00fcnk"},"content":{"rendered":"<p>Vesile Y\u00fccel vagyok, 24 \u00e9ves. Egy Anatoliai k\u00f6z\u00e9piskol\u00e1ban v\u00e9geztem, majd n\u0151v\u00e9rnek \u00e9s els\u0151seg\u00e9lyny\u00fajt\u00f3nak tanultam az egyetemen, ahol sz\u00e1mtalanszor r\u00e9szt vettem \u00f6nk\u00e9ntess\u00e9gi projekteken is.<br \/><br \/><img loading=\"lazy\" class=\"aligncenter size-full wp-image-8275\" src=\"https:\/\/www.ata-ro.eu\/wp-content\/uploads\/2023\/01\/image0-rotated.jpeg\" alt=\"\" width=\"480\" height=\"640\" srcset=\"https:\/\/www.ata-ro.eu\/wp-content\/uploads\/2023\/01\/image0-rotated.jpeg 480w, https:\/\/www.ata-ro.eu\/wp-content\/uploads\/2023\/01\/image0-225x300.jpeg 225w, https:\/\/www.ata-ro.eu\/wp-content\/uploads\/2023\/01\/image0-413x550.jpeg 413w\" sizes=\"(max-width: 480px) 100vw, 480px\" \/><br \/><br \/>Seg\u00e9dkeztem m\u00e1r \u00f6regek otthon\u00e1ban, gyermekv\u00e9delmi int\u00e9zetekben \u00e9s \u00e9telt is osztottam a r\u00e1szorul\u00f3knak. A leuk\u00e9mi\u00e1s gyermekek v\u00e9rsz\u00fcks\u00e9glet\u00e9nek kiel\u00e9g\u00edt\u00e9se \u00e9s az eg\u00e9szs\u00e9ggel kapcsolatos t\u00e1j\u00e9koztat\u00e1s \u00e9rdek\u00e9ben \u00f6nk\u00e9ntes k\u00e9pz\u00e9seket tartottam a helyi lakoss\u00e1gnak. Szeretek seg\u00edteni az embereknek.<br \/><br \/>Szeretn\u00e9k min\u00e9l t\u00f6bbet tanulni a helyi kult\u00far\u00e1r\u00f3l \u00e9s t\u00f6rt\u00e9nelemr\u0151l.<br \/><br \/>Eg\u00e9szs\u00e9g\u00fcgyi vizsg\u00e1latokat is szerveztem, \u00e9s a helyes t\u00e1pl\u00e1lkoz\u00e1s \u00e9s sport ir\u00e1nt is \u00e9rdekl\u0151d\u00f6m. K\u00e9s\u0151bb korasz\u00fcl\u00f6tt ikrekre vigy\u00e1ztam. Ezut\u00e1n az \u00e1rvah\u00e1zban szerveztem k\u00fcl\u00f6nb\u00f6z\u0151 tev\u00e9kenys\u00e9geket. \u00d6nk\u00e9ntesen dolgoztam a szolidarit\u00e1s \u00e9s a pszichol\u00f3giai interakci\u00f3 ter\u00fclet\u00e9n az id\u0151sgondoz\u00f3ban. Janu\u00e1r elej\u00e9n \u00e9rkeztem Rom\u00e1ni\u00e1ba.<br \/><br \/>Szeretem seg\u00edteni az apr\u00f3, n\u00f6vekv\u0151 ter\u00fcleteket. J\u00f3l \u00e9rzem magam itt, hisz rengeteg emberrel tal\u00e1lkozhatok nap k\u00f6zben \u00e9s seg\u00edthetek. Im\u00e1dok gyerekekkel foglalkozni.<br \/><br \/>Az\u00e9rt vagyok itt, mert akt\u00edvan \u00f6nk\u00e9nteskedhetek, ez\u00e9rt szeretn\u00e9m a k\u00f6z\u00f6ss\u00e9g t\u00e1mogat\u00e1s\u00e1t k\u00e9rni a pontoss\u00e1ggal, id\u0151ben elv\u00e9gzett munk\u00e1m\u00e9rt. Szeretek \u00faj embereket \u00e9s az \u0151 kult\u00far\u00e1jukat megismerni. \u00d6r\u00fcl\u00f6k, hogy m\u00e9g t\u00f6bb embernek tudok seg\u00edt\u0151 kezet ny\u00fajtani. Az, hogy itt lehetek el\u0151seg\u00edti a j\u00f6v\u0151beli terveimet, hogy Eur\u00f3p\u00e1ban dolgozhassak, \u00f6nk\u00e9nteskedhessek \u00e9s m\u00e9g t\u00f6bb embernek seg\u00edtsek. <br \/><br \/>Ez id\u0151 alatt sokat tanulhatok \u00e9s fejl\u0151dhetek. A fiatalok \u00e9s gyerekek a j\u00f6v\u0151i a nemzetnek. Ha a gyerek tanul, tan\u00edt.<\/p>","protected":false},"excerpt":{"rendered":"<p>Vesile Y\u00fccel vagyok, 24 \u00e9ves. Egy Anatoliai k\u00f6z\u00e9piskol\u00e1ban v\u00e9geztem, majd n\u0151v\u00e9rnek \u00e9s els\u0151seg\u00e9lyny\u00fajt\u00f3nak tanultam az egyetemen, ahol sz\u00e1mtalanszor r\u00e9szt vettem \u00f6nk\u00e9ntess\u00e9gi projekteken is.Seg\u00e9dkeztem m\u00e1r \u00f6regek otthon\u00e1ban, gyermekv\u00e9delmi int\u00e9zetekben \u00e9s \u00e9telt is osztottam a r\u00e1szorul\u00f3knak. A leuk\u00e9mi\u00e1s gyermekek v\u00e9rsz\u00fcks\u00e9glet\u00e9nek kiel\u00e9g\u00edt\u00e9se \u00e9s az eg\u00e9szs\u00e9ggel kapcsolatos t\u00e1j\u00e9koztat\u00e1s \u00e9rdek\u00e9ben \u00f6nk\u00e9ntes k\u00e9pz\u00e9seket tartottam a helyi lakoss\u00e1gnak. Szeretek seg\u00edteni az embereknek.Szeretn\u00e9k min\u00e9l t\u00f6bbet tanulni a helyi kult\u00far\u00e1r\u00f3l \u00e9s t\u00f6rt\u00e9nelemr\u0151l.Eg\u00e9szs\u00e9g\u00fcgyi vizsg\u00e1latokat is szerveztem, \u00e9s a helyes t\u00e1pl\u00e1lkoz\u00e1s \u00e9s sport ir\u00e1nt is \u00e9rdekl\u0151d\u00f6m. K\u00e9s\u0151bb korasz\u00fcl\u00f6tt ikrekre vigy\u00e1ztam. Ezut\u00e1n az \u00e1rvah\u00e1zban szerveztem k\u00fcl\u00f6nb\u00f6z\u0151 tev\u00e9kenys\u00e9geket. \u00d6nk\u00e9ntesen dolgoztam a szolidarit\u00e1s \u00e9s<a class=\"more-link\" href=\"https:\/\/www.ata-ro.eu\/hu\/hirek\/vesile-egeszsegugyi-onkentesunk.html\">SEE DETAILS <span class=\"more-link-image\"><\/span><span class=\"more-link-hover-image\"><\/span><\/a><\/p>\n","protected":false},"author":6,"featured_media":8275,"comment_status":"closed","ping_status":"closed","sticky":false,"template":"","format":"standard","meta":{"_links_to":"","_links_to_target":""},"categories":[213],"tags":[],"yoast_head":"<!-- This site is optimized with the Yoast SEO plugin v18.2 - https:\/\/yoast.com\/wordpress\/plugins\/seo\/ -->\n<title>Vesile, eg\u00e9szs\u00e9g\u00fcgyi \u00f6nk\u00e9ntes\u00fcnk - Erd\u00e9lyi Ifj\u00fas\u00e1gi Egyes\u00fclet<\/title>\n<meta name=\"robots\" content=\"index, follow, max-snippet:-1, max-image-preview:large, max-video-preview:-1\" \/>\n<link rel=\"canonical\" href=\"https:\/\/www.ata-ro.eu\/hu\/hirek\/vesile-egeszsegugyi-onkentesunk.html\" \/>\n<meta property=\"og:locale\" content=\"hu_HU\" \/>\n<meta property=\"og:type\" content=\"article\" \/>\n<meta property=\"og:title\" content=\"Vesile, eg\u00e9szs\u00e9g\u00fcgyi \u00f6nk\u00e9ntes\u00fcnk - Erd\u00e9lyi Ifj\u00fas\u00e1gi Egyes\u00fclet\" \/>\n<meta property=\"og:description\" content=\"Vesile Y\u00fccel vagyok, 24 \u00e9ves. Egy Anatoliai k\u00f6z\u00e9piskol\u00e1ban v\u00e9geztem, majd n\u0151v\u00e9rnek \u00e9s els\u0151seg\u00e9lyny\u00fajt\u00f3nak tanultam az egyetemen, ahol sz\u00e1mtalanszor r\u00e9szt vettem \u00f6nk\u00e9ntess\u00e9gi projekteken is.Seg\u00e9dkeztem m\u00e1r \u00f6regek otthon\u00e1ban, gyermekv\u00e9delmi int\u00e9zetekben \u00e9s \u00e9telt is osztottam a r\u00e1szorul\u00f3knak. A leuk\u00e9mi\u00e1s gyermekek v\u00e9rsz\u00fcks\u00e9glet\u00e9nek kiel\u00e9g\u00edt\u00e9se \u00e9s az eg\u00e9szs\u00e9ggel kapcsolatos t\u00e1j\u00e9koztat\u00e1s \u00e9rdek\u00e9ben \u00f6nk\u00e9ntes k\u00e9pz\u00e9seket tartottam a helyi lakoss\u00e1gnak. Szeretek seg\u00edteni az embereknek.Szeretn\u00e9k min\u00e9l t\u00f6bbet tanulni a helyi kult\u00far\u00e1r\u00f3l \u00e9s t\u00f6rt\u00e9nelemr\u0151l.Eg\u00e9szs\u00e9g\u00fcgyi vizsg\u00e1latokat is szerveztem, \u00e9s a helyes t\u00e1pl\u00e1lkoz\u00e1s \u00e9s sport ir\u00e1nt is \u00e9rdekl\u0151d\u00f6m. K\u00e9s\u0151bb korasz\u00fcl\u00f6tt ikrekre vigy\u00e1ztam. Ezut\u00e1n az \u00e1rvah\u00e1zban szerveztem k\u00fcl\u00f6nb\u00f6z\u0151 tev\u00e9kenys\u00e9geket. \u00d6nk\u00e9ntesen dolgoztam a szolidarit\u00e1s \u00e9sSEE DETAILS\" \/>\n<meta property=\"og:url\" content=\"https:\/\/www.ata-ro.eu\/hu\/hirek\/vesile-egeszsegugyi-onkentesunk.html\" \/>\n<meta property=\"og:site_name\" content=\"Erd\u00e9lyi Ifj\u00fas\u00e1gi Egyes\u00fclet\" \/>\n<meta property=\"article:published_time\" content=\"2023-01-18T07:17:05+00:00\" \/>\n<meta property=\"og:image\" content=\"https:\/\/www.ata-ro.eu\/wp-content\/uploads\/2023\/01\/image0-rotated.jpeg\" \/>\n\t<meta property=\"og:image:width\" content=\"480\" \/>\n\t<meta property=\"og:image:height\" content=\"640\" \/>\n\t<meta property=\"og:image:type\" content=\"image\/jpeg\" \/>\n<meta name=\"twitter:card\" content=\"summary_large_image\" \/>\n<meta name=\"twitter:label1\" content=\"Szerz\u0151:\" \/>\n\t<meta name=\"twitter:data1\" content=\"Nikolas Varga\" \/>\n\t<meta name=\"twitter:label2\" content=\"Becs\u00fclt olvas\u00e1si id\u0151\" \/>\n\t<meta name=\"twitter:data2\" content=\"2 perc\" \/>\n<script type=\"application\/ld+json\" class=\"yoast-schema-graph\">{\"@context\":\"https:\/\/schema.org\",\"@graph\":[{\"@type\":\"WebSite\",\"@id\":\"https:\/\/www.ata-ro.eu\/hu#website\",\"url\":\"https:\/\/www.ata-ro.eu\/hu\",\"name\":\"Erd\u00e9lyi Ifj\u00fas\u00e1gi Egyes\u00fclet\",\"description\":\"\",\"potentialAction\":[{\"@type\":\"SearchAction\",\"target\":{\"@type\":\"EntryPoint\",\"urlTemplate\":\"https:\/\/www.ata-ro.eu\/hu?s={search_term_string}\"},\"query-input\":\"required name=search_term_string\"}],\"inLanguage\":\"hu\"},{\"@type\":\"ImageObject\",\"@id\":\"https:\/\/www.ata-ro.eu\/hu\/hirek\/vesile-egeszsegugyi-onkentesunk.html#primaryimage\",\"inLanguage\":\"hu\",\"url\":\"https:\/\/www.ata-ro.eu\/wp-content\/uploads\/2023\/01\/image0-rotated.jpeg\",\"contentUrl\":\"https:\/\/www.ata-ro.eu\/wp-content\/uploads\/2023\/01\/image0-rotated.jpeg\",\"width\":480,\"height\":640},{\"@type\":\"WebPage\",\"@id\":\"https:\/\/www.ata-ro.eu\/hu\/hirek\/vesile-egeszsegugyi-onkentesunk.html#webpage\",\"url\":\"https:\/\/www.ata-ro.eu\/hu\/hirek\/vesile-egeszsegugyi-onkentesunk.html\",\"name\":\"Vesile, eg\u00e9szs\u00e9g\u00fcgyi \u00f6nk\u00e9ntes\u00fcnk - Erd\u00e9lyi Ifj\u00fas\u00e1gi Egyes\u00fclet\",\"isPartOf\":{\"@id\":\"https:\/\/www.ata-ro.eu\/hu#website\"},\"primaryImageOfPage\":{\"@id\":\"https:\/\/www.ata-ro.eu\/hu\/hirek\/vesile-egeszsegugyi-onkentesunk.html#primaryimage\"},\"datePublished\":\"2023-01-18T07:17:05+00:00\",\"dateModified\":\"2023-01-18T07:17:05+00:00\",\"author\":{\"@id\":\"https:\/\/www.ata-ro.eu\/hu#\/schema\/person\/9d7b7eadd924f769b322bbc53397837e\"},\"breadcrumb\":{\"@id\":\"https:\/\/www.ata-ro.eu\/hu\/hirek\/vesile-egeszsegugyi-onkentesunk.html#breadcrumb\"},\"inLanguage\":\"hu\",\"potentialAction\":[{\"@type\":\"ReadAction\",\"target\":[\"https:\/\/www.ata-ro.eu\/hu\/hirek\/vesile-egeszsegugyi-onkentesunk.html\"]}]},{\"@type\":\"BreadcrumbList\",\"@id\":\"https:\/\/www.ata-ro.eu\/hu\/hirek\/vesile-egeszsegugyi-onkentesunk.html#breadcrumb\",\"itemListElement\":[{\"@type\":\"ListItem\",\"position\":1,\"name\":\"Home\",\"item\":\"https:\/\/www.ata-ro.eu\/hu\"},{\"@type\":\"ListItem\",\"position\":2,\"name\":\"Vesile, eg\u00e9szs\u00e9g\u00fcgyi \u00f6nk\u00e9ntes\u00fcnk\"}]},{\"@type\":\"Person\",\"@id\":\"https:\/\/www.ata-ro.eu\/hu#\/schema\/person\/9d7b7eadd924f769b322bbc53397837e\",\"name\":\"Nikolas Varga\",\"image\":{\"@type\":\"ImageObject\",\"@id\":\"https:\/\/www.ata-ro.eu\/hu#personlogo\",\"inLanguage\":\"hu\",\"url\":\"https:\/\/secure.gravatar.com\/avatar\/9ddca73acde253dfda6181d8c8b53858?s=96&d=mm&r=g\",\"contentUrl\":\"https:\/\/secure.gravatar.com\/avatar\/9ddca73acde253dfda6181d8c8b53858?s=96&d=mm&r=g\",\"caption\":\"Nikolas Varga\"},\"url\":\"https:\/\/www.ata-ro.eu\/hu\/author\/nikolas\"}]}<\/script>\n<!-- \/ Yoast SEO plugin. -->","yoast_head_json":{"title":"Vesile, eg\u00e9szs\u00e9g\u00fcgyi \u00f6nk\u00e9ntes\u00fcnk - Erd\u00e9lyi Ifj\u00fas\u00e1gi Egyes\u00fclet","robots":{"index":"index","follow":"follow","max-snippet":"max-snippet:-1","max-image-preview":"max-image-preview:large","max-video-preview":"max-video-preview:-1"},"canonical":"https:\/\/www.ata-ro.eu\/hu\/hirek\/vesile-egeszsegugyi-onkentesunk.html","og_locale":"hu_HU","og_type":"article","og_title":"Vesile, eg\u00e9szs\u00e9g\u00fcgyi \u00f6nk\u00e9ntes\u00fcnk - Erd\u00e9lyi Ifj\u00fas\u00e1gi Egyes\u00fclet","og_description":"Vesile Y\u00fccel vagyok, 24 \u00e9ves. Egy Anatoliai k\u00f6z\u00e9piskol\u00e1ban v\u00e9geztem, majd n\u0151v\u00e9rnek \u00e9s els\u0151seg\u00e9lyny\u00fajt\u00f3nak tanultam az egyetemen, ahol sz\u00e1mtalanszor r\u00e9szt vettem \u00f6nk\u00e9ntess\u00e9gi projekteken is.Seg\u00e9dkeztem m\u00e1r \u00f6regek otthon\u00e1ban, gyermekv\u00e9delmi int\u00e9zetekben \u00e9s \u00e9telt is osztottam a r\u00e1szorul\u00f3knak. A leuk\u00e9mi\u00e1s gyermekek v\u00e9rsz\u00fcks\u00e9glet\u00e9nek kiel\u00e9g\u00edt\u00e9se \u00e9s az eg\u00e9szs\u00e9ggel kapcsolatos t\u00e1j\u00e9koztat\u00e1s \u00e9rdek\u00e9ben \u00f6nk\u00e9ntes k\u00e9pz\u00e9seket tartottam a helyi lakoss\u00e1gnak. Szeretek seg\u00edteni az embereknek.Szeretn\u00e9k min\u00e9l t\u00f6bbet tanulni a helyi kult\u00far\u00e1r\u00f3l \u00e9s t\u00f6rt\u00e9nelemr\u0151l.Eg\u00e9szs\u00e9g\u00fcgyi vizsg\u00e1latokat is szerveztem, \u00e9s a helyes t\u00e1pl\u00e1lkoz\u00e1s \u00e9s sport ir\u00e1nt is \u00e9rdekl\u0151d\u00f6m. K\u00e9s\u0151bb korasz\u00fcl\u00f6tt ikrekre vigy\u00e1ztam. Ezut\u00e1n az \u00e1rvah\u00e1zban szerveztem k\u00fcl\u00f6nb\u00f6z\u0151 tev\u00e9kenys\u00e9geket. \u00d6nk\u00e9ntesen dolgoztam a szolidarit\u00e1s \u00e9sSEE DETAILS","og_url":"https:\/\/www.ata-ro.eu\/hu\/hirek\/vesile-egeszsegugyi-onkentesunk.html","og_site_name":"Erd\u00e9lyi Ifj\u00fas\u00e1gi Egyes\u00fclet","article_published_time":"2023-01-18T07:17:05+00:00","og_image":[{"width":480,"height":640,"url":"https:\/\/www.ata-ro.eu\/wp-content\/uploads\/2023\/01\/image0-rotated.jpeg","type":"image\/jpeg"}],"twitter_card":"summary_large_image","twitter_misc":{"Szerz\u0151:":"Nikolas Varga","Becs\u00fclt olvas\u00e1si id\u0151":"2 perc"},"schema":{"@context":"https:\/\/schema.org","@graph":[{"@type":"WebSite","@id":"https:\/\/www.ata-ro.eu\/hu#website","url":"https:\/\/www.ata-ro.eu\/hu","name":"Erd\u00e9lyi Ifj\u00fas\u00e1gi Egyes\u00fclet","description":"","potentialAction":[{"@type":"SearchAction","target":{"@type":"EntryPoint","urlTemplate":"https:\/\/www.ata-ro.eu\/hu?s={search_term_string}"},"query-input":"required name=search_term_string"}],"inLanguage":"hu"},{"@type":"ImageObject","@id":"https:\/\/www.ata-ro.eu\/hu\/hirek\/vesile-egeszsegugyi-onkentesunk.html#primaryimage","inLanguage":"hu","url":"https:\/\/www.ata-ro.eu\/wp-content\/uploads\/2023\/01\/image0-rotated.jpeg","contentUrl":"https:\/\/www.ata-ro.eu\/wp-content\/uploads\/2023\/01\/image0-rotated.jpeg","width":480,"height":640},{"@type":"WebPage","@id":"https:\/\/www.ata-ro.eu\/hu\/hirek\/vesile-egeszsegugyi-onkentesunk.html#webpage","url":"https:\/\/www.ata-ro.eu\/hu\/hirek\/vesile-egeszsegugyi-onkentesunk.html","name":"Vesile, eg\u00e9szs\u00e9g\u00fcgyi \u00f6nk\u00e9ntes\u00fcnk - Erd\u00e9lyi Ifj\u00fas\u00e1gi Egyes\u00fclet","isPartOf":{"@id":"https:\/\/www.ata-ro.eu\/hu#website"},"primaryImageOfPage":{"@id":"https:\/\/www.ata-ro.eu\/hu\/hirek\/vesile-egeszsegugyi-onkentesunk.html#primaryimage"},"datePublished":"2023-01-18T07:17:05+00:00","dateModified":"2023-01-18T07:17:05+00:00","author":{"@id":"https:\/\/www.ata-ro.eu\/hu#\/schema\/person\/9d7b7eadd924f769b322bbc53397837e"},"breadcrumb":{"@id":"https:\/\/www.ata-ro.eu\/hu\/hirek\/vesile-egeszsegugyi-onkentesunk.html#breadcrumb"},"inLanguage":"hu","potentialAction":[{"@type":"ReadAction","target":["https:\/\/www.ata-ro.eu\/hu\/hirek\/vesile-egeszsegugyi-onkentesunk.html"]}]},{"@type":"BreadcrumbList","@id":"https:\/\/www.ata-ro.eu\/hu\/hirek\/vesile-egeszsegugyi-onkentesunk.html#breadcrumb","itemListElement":[{"@type":"ListItem","position":1,"name":"Home","item":"https:\/\/www.ata-ro.eu\/hu"},{"@type":"ListItem","position":2,"name":"Vesile, eg\u00e9szs\u00e9g\u00fcgyi \u00f6nk\u00e9ntes\u00fcnk"}]},{"@type":"Person","@id":"https:\/\/www.ata-ro.eu\/hu#\/schema\/person\/9d7b7eadd924f769b322bbc53397837e","name":"Nikolas Varga","image":{"@type":"ImageObject","@id":"https:\/\/www.ata-ro.eu\/hu#personlogo","inLanguage":"hu","url":"https:\/\/secure.gravatar.com\/avatar\/9ddca73acde253dfda6181d8c8b53858?s=96&d=mm&r=g","contentUrl":"https:\/\/secure.gravatar.com\/avatar\/9ddca73acde253dfda6181d8c8b53858?s=96&d=mm&r=g","caption":"Nikolas Varga"},"url":"https:\/\/www.ata-ro.eu\/hu\/author\/nikolas"}]}},"_links":{"self":[{"href":"https:\/\/www.ata-ro.eu\/hu\/wp-json\/wp\/v2\/posts\/8285"}],"collection":[{"href":"https:\/\/www.ata-ro.eu\/hu\/wp-json\/wp\/v2\/posts"}],"about":[{"href":"https:\/\/www.ata-ro.eu\/hu\/wp-json\/wp\/v2\/types\/post"}],"author":[{"embeddable":true,"href":"https:\/\/www.ata-ro.eu\/hu\/wp-json\/wp\/v2\/users\/6"}],"replies":[{"embeddable":true,"href":"https:\/\/www.ata-ro.eu\/hu\/wp-json\/wp\/v2\/comments?post=8285"}],"version-history":[{"count":1,"href":"https:\/\/www.ata-ro.eu\/hu\/wp-json\/wp\/v2\/posts\/8285\/revisions"}],"predecessor-version":[{"id":8287,"href":"https:\/\/www.ata-ro.eu\/hu\/wp-json\/wp\/v2\/posts\/8285\/revisions\/8287"}],"wp:featuredmedia":[{"embeddable":true,"href":"https:\/\/www.ata-ro.eu\/hu\/wp-json\/wp\/v2\/media\/8275"}],"wp:attachment":[{"href":"https:\/\/www.ata-ro.eu\/hu\/wp-json\/wp\/v2\/media?parent=8285"}],"wp:term":[{"taxonomy":"category","embeddable":true,"href":"https:\/\/www.ata-ro.eu\/hu\/wp-json\/wp\/v2\/categories?post=8285"},{"taxonomy":"post_tag","embeddable":true,"href":"https:\/\/www.ata-ro.eu\/hu\/wp-json\/wp\/v2\/tags?post=8285"}],"curies":[{"name":"wp","href":"https:\/\/api.w.org\/{rel}","templated":true}]}}