{"id":8684,"date":"2023-03-20T11:25:11","date_gmt":"2023-03-20T09:25:11","guid":{"rendered":"https:\/\/www.ata-ro.eu\/?p=8684"},"modified":"2023-03-20T11:27:08","modified_gmt":"2023-03-20T09:27:08","slug":"tegyunk-a-vitakulturaert","status":"publish","type":"post","link":"https:\/\/www.ata-ro.eu\/hu\/hirek\/tegyunk-a-vitakulturaert.html","title":{"rendered":"Tegy\u00fcnk a vitakult\u00far\u00e1\u00e9rt!"},"content":{"rendered":"Ha a vitakult\u00fara sz\u00f3t halljuk sokszor nem is tudjuk, hogy hova tegy\u00fck, ami \u00f6nmag\u00e1ban v\u00e9ve is \u00e1rulkod\u00f3, hiszen nem k\u00e9pezi alapvet\u0151 r\u00e9sz\u00e9t a jelenlegi tan\u00fcgyi reperto\u00e1runknak. Ezen az alapvet\u0151 hi\u00e1nyon igyekszik seg\u00edteni a k\u00f6vetkez\u0151 ifj\u00fas\u00e1gi csereprogramunk, amelynek c\u00edme CITIZENSHIP AND YOUTH, \u00c9S k\u00f6z\u00f6sen val\u00f3sul meg a franciaorsz\u00e1gi APPC-vel (Agissons ensemble) \u00e9s a n\u00e9metorsz\u00e1gi Fortschritt Vision Diskurs partnerekkel. Ez a kezdem\u00e9nyez\u00e9s hat mobilit\u00e1st, vagyis nemzetk\u00f6zi programot foglal mag\u00e1ba, minden egyes\u00fclet orsz\u00e1g\u00e1ban kett\u0151t, mi pedig most vett\u00fcnk r\u00e9szt az els\u0151n, a P\u00e1rizs melletti mes\u00e9s kisv\u00e1rosban Sarcellesben. A program ugyanitt fog folytat\u00f3dni egy j\u00faniusban tartott ifj\u00fas\u00e1gi cser\u00e9vel, ami ut\u00e1n n\u00e1lunk, Rom\u00e1ni\u00e1ban lesz m\u00e9g k\u00e9t mobilit\u00e1s, majd ezut\u00e1n ker\u00fcl sor N\u00e9metorsz\u00e1gra is. El\u0151rel\u00e1that\u00f3lag 2024 \u0151sz\u00e9n fog befejez\u0151dni.<br \/><br \/><!--more--><img loading=\"lazy\" class=\"aligncenter size-large wp-image-8700\" src=\"https:\/\/www.ata-ro.eu\/wp-content\/uploads\/2023\/03\/nati-parizs-6-1024x768.jpeg\" alt=\"\" width=\"1024\" height=\"768\" srcset=\"https:\/\/www.ata-ro.eu\/wp-content\/uploads\/2023\/03\/nati-parizs-6-1024x768.jpeg 1024w, https:\/\/www.ata-ro.eu\/wp-content\/uploads\/2023\/03\/nati-parizs-6-300x225.jpeg 300w, https:\/\/www.ata-ro.eu\/wp-content\/uploads\/2023\/03\/nati-parizs-6-768x576.jpeg 768w, https:\/\/www.ata-ro.eu\/wp-content\/uploads\/2023\/03\/nati-parizs-6-1536x1152.jpeg 1536w, https:\/\/www.ata-ro.eu\/wp-content\/uploads\/2023\/03\/nati-parizs-6-733x550.jpeg 733w, https:\/\/www.ata-ro.eu\/wp-content\/uploads\/2023\/03\/nati-parizs-6-733x550@2x.jpeg 1467w, https:\/\/www.ata-ro.eu\/wp-content\/uploads\/2023\/03\/nati-parizs-6-80x60.jpeg 80w, https:\/\/www.ata-ro.eu\/wp-content\/uploads\/2023\/03\/nati-parizs-6-80x60@2x.jpeg 160w, https:\/\/www.ata-ro.eu\/wp-content\/uploads\/2023\/03\/nati-parizs-6.jpeg 1600w\" sizes=\"(max-width: 1024px) 100vw, 1024px\" \/><br \/><br \/>A projekt f\u0151 c\u00e9lja, hogy a fiatalokban er\u0151s\u00edtse az \u00e1llampolg\u00e1ri \u00e9rt\u00e9keket, a vitak\u00e9szs\u00e9get \u00e9s az \u00e9rveknek a helyes fel\u00e1ll\u00edt\u00e1s\u00e1t. Ezek olyan k\u00e9szs\u00e9gek, amelyeknek minden fiatal haszn\u00e1t veszi, hiszen a j\u00f6v\u0151ben is profit\u00e1lhat bel\u0151le, fejlesztheti a megl\u00e9v\u0151 k\u00e9pess\u00e9geit, nagyobb es\u00e9llyel rendelkezik a munkaer\u0151piacon. F\u0151k\u00e9nt 18 \u00e9s 30 \u00e9v k\u00f6z\u00f6tti fiatalok k\u00e9pezik a c\u00e9lcsoportot, nekik \u00e1ll lehet\u0151s\u00e9g\u00fckben r\u00e9szt venni az eml\u00edtett cser\u00e9n.<br \/><br \/>Az ifj\u00fas\u00e1gi cser\u00e9ken 30 szem\u00e9lynek ny\u00edlik lehet\u0151s\u00e9ge a r\u00e9szv\u00e9telre, 10 fiatalnak minden orsz\u00e1gb\u00f3l. Mivel h\u00e1rom ilyen jelleg\u0171 mobilit\u00e1s van, ezt a sz\u00e1mot ennek megfelel\u0151en kell sz\u00e1molni. Emellett term\u00e9szetesen a koordin\u00e1l\u00f3 szervezet \u00e9s partneregyes\u00fclet r\u00e9sz\u00e9r\u0151l azok a kolleg\u00e1k, akik mindezt lehet\u0151v\u00e9 tett\u00e9k, \u00e9s folyamatosan azon dolgoznak, hogy a lehet\u0151 legjobbak legyenek az eredm\u00e9nyek r\u00e9szt vesznek az el\u0151k\u00e9sz\u00edt\u0151 l\u00e1togat\u00e1sokon, ahol a cser\u00e9kre vonatkoz\u00f3an dolgozz\u00e1k ki a r\u00e9szleteket.<br \/><br \/><img loading=\"lazy\" class=\"aligncenter size-large wp-image-8697\" src=\"https:\/\/www.ata-ro.eu\/wp-content\/uploads\/2023\/03\/nati-parizs-5-1024x768.jpeg\" alt=\"\" width=\"1024\" height=\"768\" srcset=\"https:\/\/www.ata-ro.eu\/wp-content\/uploads\/2023\/03\/nati-parizs-5-1024x768.jpeg 1024w, https:\/\/www.ata-ro.eu\/wp-content\/uploads\/2023\/03\/nati-parizs-5-300x225.jpeg 300w, https:\/\/www.ata-ro.eu\/wp-content\/uploads\/2023\/03\/nati-parizs-5-768x576.jpeg 768w, https:\/\/www.ata-ro.eu\/wp-content\/uploads\/2023\/03\/nati-parizs-5-1536x1152.jpeg 1536w, https:\/\/www.ata-ro.eu\/wp-content\/uploads\/2023\/03\/nati-parizs-5-733x550.jpeg 733w, https:\/\/www.ata-ro.eu\/wp-content\/uploads\/2023\/03\/nati-parizs-5-733x550@2x.jpeg 1467w, https:\/\/www.ata-ro.eu\/wp-content\/uploads\/2023\/03\/nati-parizs-5-80x60.jpeg 80w, https:\/\/www.ata-ro.eu\/wp-content\/uploads\/2023\/03\/nati-parizs-5-80x60@2x.jpeg 160w, https:\/\/www.ata-ro.eu\/wp-content\/uploads\/2023\/03\/nati-parizs-5.jpeg 2048w\" sizes=\"(max-width: 1024px) 100vw, 1024px\" \/><br \/><br \/>Minden mobilit\u00e1st a program c\u00e9lkit\u0171z\u00e9seinek legink\u00e1bb eleget tev\u0151 szakemberek vezetnek le. A felk\u00e9sz\u00fcl\u00e9s, az esem\u00e9nyek sor\u00e1n olyan szem\u00e9lyekkel dolgozunk egy\u00fctt, mint vitak\u00f6r\u00f6k koordin\u00e1torai, politol\u00f3gusok \u00e9s pedag\u00f3gusok, \u00edgy biztos\u00edtva a fiatalok sz\u00e1m\u00e1ra, hogy min\u0151s\u00e9gi programon vegyenek r\u00e9szt, mely sor\u00e1n fejl\u0151dhetnek, sz\u00e9les\u00edthetik l\u00e1t\u00f3k\u00f6r\u00fcket \u00e9s gondolkod\u00e1sukat.<br \/><br \/>Mint szervezet azon igyekez\u00fcnk, hogy min\u00e9l t\u00f6bb projekten reprezent\u00e1ljuk magunkat, ez\u00e1ltal is min\u00e9l t\u00f6bb lehet\u0151s\u00e9get biztos\u00edtva az erd\u00e9lyi\/rom\u00e1niai fiatals\u00e1gnak, hogy belek\u00f3stoljanak \u00faj dolgokba \u00e9s megannyi hasznos tud\u00e1ssal v\u00e9rtezz\u00e9k fel magukat, hiszen tudjuk soksz\u00edn\u0171s\u00e9gben az er\u0151.","protected":false},"excerpt":{"rendered":"<p>Ha a vitakult\u00fara sz\u00f3t halljuk sokszor nem is tudjuk, hogy hova tegy\u00fck, ami \u00f6nmag\u00e1ban v\u00e9ve is \u00e1rulkod\u00f3, hiszen nem k\u00e9pezi alapvet\u0151 r\u00e9sz\u00e9t a jelenlegi tan\u00fcgyi reperto\u00e1runknak. Ezen az alapvet\u0151 hi\u00e1nyon igyekszik seg\u00edteni a k\u00f6vetkez\u0151 ifj\u00fas\u00e1gi csereprogramunk, amelynek c\u00edme CITIZENSHIP AND YOUTH, \u00c9S k\u00f6z\u00f6sen val\u00f3sul meg a franciaorsz\u00e1gi APPC-vel (Agissons ensemble) \u00e9s a n\u00e9metorsz\u00e1gi Fortschritt Vision Diskurs partnerekkel. Ez a kezdem\u00e9nyez\u00e9s hat mobilit\u00e1st, vagyis nemzetk\u00f6zi programot foglal mag\u00e1ba, minden egyes\u00fclet orsz\u00e1g\u00e1ban kett\u0151t, mi pedig most vett\u00fcnk r\u00e9szt az els\u0151n, a P\u00e1rizs melletti mes\u00e9s kisv\u00e1rosban Sarcellesben. A program ugyanitt fog folytat\u00f3dni egy<a class=\"more-link\" href=\"https:\/\/www.ata-ro.eu\/hu\/hirek\/tegyunk-a-vitakulturaert.html\">SEE DETAILS <span class=\"more-link-image\"><\/span><span class=\"more-link-hover-image\"><\/span><\/a><\/p>\n","protected":false},"author":1,"featured_media":8700,"comment_status":"closed","ping_status":"closed","sticky":false,"template":"","format":"standard","meta":{"_links_to":"","_links_to_target":""},"categories":[213],"tags":[],"yoast_head":"<!-- This site is optimized with the Yoast SEO plugin v18.2 - https:\/\/yoast.com\/wordpress\/plugins\/seo\/ -->\n<title>Tegy\u00fcnk a vitakult\u00far\u00e1\u00e9rt! - Erd\u00e9lyi Ifj\u00fas\u00e1gi Egyes\u00fclet<\/title>\n<meta name=\"robots\" content=\"index, follow, max-snippet:-1, max-image-preview:large, max-video-preview:-1\" \/>\n<link rel=\"canonical\" href=\"https:\/\/www.ata-ro.eu\/hu\/hirek\/tegyunk-a-vitakulturaert.html\" \/>\n<meta property=\"og:locale\" content=\"hu_HU\" \/>\n<meta property=\"og:type\" content=\"article\" \/>\n<meta property=\"og:title\" content=\"Tegy\u00fcnk a vitakult\u00far\u00e1\u00e9rt! - Erd\u00e9lyi Ifj\u00fas\u00e1gi Egyes\u00fclet\" \/>\n<meta property=\"og:description\" content=\"Ha a vitakult\u00fara sz\u00f3t halljuk sokszor nem is tudjuk, hogy hova tegy\u00fck, ami \u00f6nmag\u00e1ban v\u00e9ve is \u00e1rulkod\u00f3, hiszen nem k\u00e9pezi alapvet\u0151 r\u00e9sz\u00e9t a jelenlegi tan\u00fcgyi reperto\u00e1runknak. Ezen az alapvet\u0151 hi\u00e1nyon igyekszik seg\u00edteni a k\u00f6vetkez\u0151 ifj\u00fas\u00e1gi csereprogramunk, amelynek c\u00edme CITIZENSHIP AND YOUTH, \u00c9S k\u00f6z\u00f6sen val\u00f3sul meg a franciaorsz\u00e1gi APPC-vel (Agissons ensemble) \u00e9s a n\u00e9metorsz\u00e1gi Fortschritt Vision Diskurs partnerekkel. Ez a kezdem\u00e9nyez\u00e9s hat mobilit\u00e1st, vagyis nemzetk\u00f6zi programot foglal mag\u00e1ba, minden egyes\u00fclet orsz\u00e1g\u00e1ban kett\u0151t, mi pedig most vett\u00fcnk r\u00e9szt az els\u0151n, a P\u00e1rizs melletti mes\u00e9s kisv\u00e1rosban Sarcellesben. A program ugyanitt fog folytat\u00f3dni egySEE DETAILS\" \/>\n<meta property=\"og:url\" content=\"https:\/\/www.ata-ro.eu\/hu\/hirek\/tegyunk-a-vitakulturaert.html\" \/>\n<meta property=\"og:site_name\" content=\"Erd\u00e9lyi Ifj\u00fas\u00e1gi Egyes\u00fclet\" \/>\n<meta property=\"article:published_time\" content=\"2023-03-20T09:25:11+00:00\" \/>\n<meta property=\"article:modified_time\" content=\"2023-03-20T09:27:08+00:00\" \/>\n<meta property=\"og:image\" content=\"https:\/\/www.ata-ro.eu\/wp-content\/uploads\/2023\/03\/nati-parizs-6.jpeg\" \/>\n\t<meta property=\"og:image:width\" content=\"1600\" \/>\n\t<meta property=\"og:image:height\" content=\"1200\" \/>\n\t<meta property=\"og:image:type\" content=\"image\/jpeg\" \/>\n<meta name=\"twitter:card\" content=\"summary_large_image\" \/>\n<meta name=\"twitter:label1\" content=\"Szerz\u0151:\" \/>\n\t<meta name=\"twitter:data1\" content=\"admin\" \/>\n\t<meta name=\"twitter:label2\" content=\"Becs\u00fclt olvas\u00e1si id\u0151\" \/>\n\t<meta name=\"twitter:data2\" content=\"2 perc\" \/>\n<script type=\"application\/ld+json\" class=\"yoast-schema-graph\">{\"@context\":\"https:\/\/schema.org\",\"@graph\":[{\"@type\":\"WebSite\",\"@id\":\"https:\/\/www.ata-ro.eu\/hu#website\",\"url\":\"https:\/\/www.ata-ro.eu\/hu\",\"name\":\"Erd\u00e9lyi Ifj\u00fas\u00e1gi Egyes\u00fclet\",\"description\":\"\",\"potentialAction\":[{\"@type\":\"SearchAction\",\"target\":{\"@type\":\"EntryPoint\",\"urlTemplate\":\"https:\/\/www.ata-ro.eu\/hu?s={search_term_string}\"},\"query-input\":\"required name=search_term_string\"}],\"inLanguage\":\"hu\"},{\"@type\":\"ImageObject\",\"@id\":\"https:\/\/www.ata-ro.eu\/hu\/hirek\/tegyunk-a-vitakulturaert.html#primaryimage\",\"inLanguage\":\"hu\",\"url\":\"https:\/\/www.ata-ro.eu\/wp-content\/uploads\/2023\/03\/nati-parizs-6.jpeg\",\"contentUrl\":\"https:\/\/www.ata-ro.eu\/wp-content\/uploads\/2023\/03\/nati-parizs-6.jpeg\",\"width\":1600,\"height\":1200},{\"@type\":\"WebPage\",\"@id\":\"https:\/\/www.ata-ro.eu\/hu\/hirek\/tegyunk-a-vitakulturaert.html#webpage\",\"url\":\"https:\/\/www.ata-ro.eu\/hu\/hirek\/tegyunk-a-vitakulturaert.html\",\"name\":\"Tegy\u00fcnk a vitakult\u00far\u00e1\u00e9rt! - Erd\u00e9lyi Ifj\u00fas\u00e1gi Egyes\u00fclet\",\"isPartOf\":{\"@id\":\"https:\/\/www.ata-ro.eu\/hu#website\"},\"primaryImageOfPage\":{\"@id\":\"https:\/\/www.ata-ro.eu\/hu\/hirek\/tegyunk-a-vitakulturaert.html#primaryimage\"},\"datePublished\":\"2023-03-20T09:25:11+00:00\",\"dateModified\":\"2023-03-20T09:27:08+00:00\",\"author\":{\"@id\":\"https:\/\/www.ata-ro.eu\/hu#\/schema\/person\/ffeae12efe8d0ed10e9319474a7ec96c\"},\"breadcrumb\":{\"@id\":\"https:\/\/www.ata-ro.eu\/hu\/hirek\/tegyunk-a-vitakulturaert.html#breadcrumb\"},\"inLanguage\":\"hu\",\"potentialAction\":[{\"@type\":\"ReadAction\",\"target\":[\"https:\/\/www.ata-ro.eu\/hu\/hirek\/tegyunk-a-vitakulturaert.html\"]}]},{\"@type\":\"BreadcrumbList\",\"@id\":\"https:\/\/www.ata-ro.eu\/hu\/hirek\/tegyunk-a-vitakulturaert.html#breadcrumb\",\"itemListElement\":[{\"@type\":\"ListItem\",\"position\":1,\"name\":\"Home\",\"item\":\"https:\/\/www.ata-ro.eu\/hu\"},{\"@type\":\"ListItem\",\"position\":2,\"name\":\"Tegy\u00fcnk a vitakult\u00far\u00e1\u00e9rt!\"}]},{\"@type\":\"Person\",\"@id\":\"https:\/\/www.ata-ro.eu\/hu#\/schema\/person\/ffeae12efe8d0ed10e9319474a7ec96c\",\"name\":\"admin\",\"image\":{\"@type\":\"ImageObject\",\"@id\":\"https:\/\/www.ata-ro.eu\/hu#personlogo\",\"inLanguage\":\"hu\",\"url\":\"https:\/\/secure.gravatar.com\/avatar\/05b44965b6d2a25d684a33cf56408aa8?s=96&d=mm&r=g\",\"contentUrl\":\"https:\/\/secure.gravatar.com\/avatar\/05b44965b6d2a25d684a33cf56408aa8?s=96&d=mm&r=g\",\"caption\":\"admin\"},\"url\":\"https:\/\/www.ata-ro.eu\/hu\/author\/admin\"}]}<\/script>\n<!-- \/ Yoast SEO plugin. -->","yoast_head_json":{"title":"Tegy\u00fcnk a vitakult\u00far\u00e1\u00e9rt! - Erd\u00e9lyi Ifj\u00fas\u00e1gi Egyes\u00fclet","robots":{"index":"index","follow":"follow","max-snippet":"max-snippet:-1","max-image-preview":"max-image-preview:large","max-video-preview":"max-video-preview:-1"},"canonical":"https:\/\/www.ata-ro.eu\/hu\/hirek\/tegyunk-a-vitakulturaert.html","og_locale":"hu_HU","og_type":"article","og_title":"Tegy\u00fcnk a vitakult\u00far\u00e1\u00e9rt! - Erd\u00e9lyi Ifj\u00fas\u00e1gi Egyes\u00fclet","og_description":"Ha a vitakult\u00fara sz\u00f3t halljuk sokszor nem is tudjuk, hogy hova tegy\u00fck, ami \u00f6nmag\u00e1ban v\u00e9ve is \u00e1rulkod\u00f3, hiszen nem k\u00e9pezi alapvet\u0151 r\u00e9sz\u00e9t a jelenlegi tan\u00fcgyi reperto\u00e1runknak. Ezen az alapvet\u0151 hi\u00e1nyon igyekszik seg\u00edteni a k\u00f6vetkez\u0151 ifj\u00fas\u00e1gi csereprogramunk, amelynek c\u00edme CITIZENSHIP AND YOUTH, \u00c9S k\u00f6z\u00f6sen val\u00f3sul meg a franciaorsz\u00e1gi APPC-vel (Agissons ensemble) \u00e9s a n\u00e9metorsz\u00e1gi Fortschritt Vision Diskurs partnerekkel. Ez a kezdem\u00e9nyez\u00e9s hat mobilit\u00e1st, vagyis nemzetk\u00f6zi programot foglal mag\u00e1ba, minden egyes\u00fclet orsz\u00e1g\u00e1ban kett\u0151t, mi pedig most vett\u00fcnk r\u00e9szt az els\u0151n, a P\u00e1rizs melletti mes\u00e9s kisv\u00e1rosban Sarcellesben. A program ugyanitt fog folytat\u00f3dni egySEE DETAILS","og_url":"https:\/\/www.ata-ro.eu\/hu\/hirek\/tegyunk-a-vitakulturaert.html","og_site_name":"Erd\u00e9lyi Ifj\u00fas\u00e1gi Egyes\u00fclet","article_published_time":"2023-03-20T09:25:11+00:00","article_modified_time":"2023-03-20T09:27:08+00:00","og_image":[{"width":1600,"height":1200,"url":"https:\/\/www.ata-ro.eu\/wp-content\/uploads\/2023\/03\/nati-parizs-6.jpeg","type":"image\/jpeg"}],"twitter_card":"summary_large_image","twitter_misc":{"Szerz\u0151:":"admin","Becs\u00fclt olvas\u00e1si id\u0151":"2 perc"},"schema":{"@context":"https:\/\/schema.org","@graph":[{"@type":"WebSite","@id":"https:\/\/www.ata-ro.eu\/hu#website","url":"https:\/\/www.ata-ro.eu\/hu","name":"Erd\u00e9lyi Ifj\u00fas\u00e1gi Egyes\u00fclet","description":"","potentialAction":[{"@type":"SearchAction","target":{"@type":"EntryPoint","urlTemplate":"https:\/\/www.ata-ro.eu\/hu?s={search_term_string}"},"query-input":"required name=search_term_string"}],"inLanguage":"hu"},{"@type":"ImageObject","@id":"https:\/\/www.ata-ro.eu\/hu\/hirek\/tegyunk-a-vitakulturaert.html#primaryimage","inLanguage":"hu","url":"https:\/\/www.ata-ro.eu\/wp-content\/uploads\/2023\/03\/nati-parizs-6.jpeg","contentUrl":"https:\/\/www.ata-ro.eu\/wp-content\/uploads\/2023\/03\/nati-parizs-6.jpeg","width":1600,"height":1200},{"@type":"WebPage","@id":"https:\/\/www.ata-ro.eu\/hu\/hirek\/tegyunk-a-vitakulturaert.html#webpage","url":"https:\/\/www.ata-ro.eu\/hu\/hirek\/tegyunk-a-vitakulturaert.html","name":"Tegy\u00fcnk a vitakult\u00far\u00e1\u00e9rt! - Erd\u00e9lyi Ifj\u00fas\u00e1gi Egyes\u00fclet","isPartOf":{"@id":"https:\/\/www.ata-ro.eu\/hu#website"},"primaryImageOfPage":{"@id":"https:\/\/www.ata-ro.eu\/hu\/hirek\/tegyunk-a-vitakulturaert.html#primaryimage"},"datePublished":"2023-03-20T09:25:11+00:00","dateModified":"2023-03-20T09:27:08+00:00","author":{"@id":"https:\/\/www.ata-ro.eu\/hu#\/schema\/person\/ffeae12efe8d0ed10e9319474a7ec96c"},"breadcrumb":{"@id":"https:\/\/www.ata-ro.eu\/hu\/hirek\/tegyunk-a-vitakulturaert.html#breadcrumb"},"inLanguage":"hu","potentialAction":[{"@type":"ReadAction","target":["https:\/\/www.ata-ro.eu\/hu\/hirek\/tegyunk-a-vitakulturaert.html"]}]},{"@type":"BreadcrumbList","@id":"https:\/\/www.ata-ro.eu\/hu\/hirek\/tegyunk-a-vitakulturaert.html#breadcrumb","itemListElement":[{"@type":"ListItem","position":1,"name":"Home","item":"https:\/\/www.ata-ro.eu\/hu"},{"@type":"ListItem","position":2,"name":"Tegy\u00fcnk a vitakult\u00far\u00e1\u00e9rt!"}]},{"@type":"Person","@id":"https:\/\/www.ata-ro.eu\/hu#\/schema\/person\/ffeae12efe8d0ed10e9319474a7ec96c","name":"admin","image":{"@type":"ImageObject","@id":"https:\/\/www.ata-ro.eu\/hu#personlogo","inLanguage":"hu","url":"https:\/\/secure.gravatar.com\/avatar\/05b44965b6d2a25d684a33cf56408aa8?s=96&d=mm&r=g","contentUrl":"https:\/\/secure.gravatar.com\/avatar\/05b44965b6d2a25d684a33cf56408aa8?s=96&d=mm&r=g","caption":"admin"},"url":"https:\/\/www.ata-ro.eu\/hu\/author\/admin"}]}},"_links":{"self":[{"href":"https:\/\/www.ata-ro.eu\/hu\/wp-json\/wp\/v2\/posts\/8684"}],"collection":[{"href":"https:\/\/www.ata-ro.eu\/hu\/wp-json\/wp\/v2\/posts"}],"about":[{"href":"https:\/\/www.ata-ro.eu\/hu\/wp-json\/wp\/v2\/types\/post"}],"author":[{"embeddable":true,"href":"https:\/\/www.ata-ro.eu\/hu\/wp-json\/wp\/v2\/users\/1"}],"replies":[{"embeddable":true,"href":"https:\/\/www.ata-ro.eu\/hu\/wp-json\/wp\/v2\/comments?post=8684"}],"version-history":[{"count":4,"href":"https:\/\/www.ata-ro.eu\/hu\/wp-json\/wp\/v2\/posts\/8684\/revisions"}],"predecessor-version":[{"id":8706,"href":"https:\/\/www.ata-ro.eu\/hu\/wp-json\/wp\/v2\/posts\/8684\/revisions\/8706"}],"wp:featuredmedia":[{"embeddable":true,"href":"https:\/\/www.ata-ro.eu\/hu\/wp-json\/wp\/v2\/media\/8700"}],"wp:attachment":[{"href":"https:\/\/www.ata-ro.eu\/hu\/wp-json\/wp\/v2\/media?parent=8684"}],"wp:term":[{"taxonomy":"category","embeddable":true,"href":"https:\/\/www.ata-ro.eu\/hu\/wp-json\/wp\/v2\/categories?post=8684"},{"taxonomy":"post_tag","embeddable":true,"href":"https:\/\/www.ata-ro.eu\/hu\/wp-json\/wp\/v2\/tags?post=8684"}],"curies":[{"name":"wp","href":"https:\/\/api.w.org\/{rel}","templated":true}]}}