{"id":9639,"date":"2023-08-28T14:13:15","date_gmt":"2023-08-28T11:13:15","guid":{"rendered":"https:\/\/www.ata-ro.eu\/?p=9639"},"modified":"2023-08-28T14:14:22","modified_gmt":"2023-08-28T11:14:22","slug":"szentabrahamon-is-voltunk","status":"publish","type":"post","link":"https:\/\/www.ata-ro.eu\/hu\/hirek\/szentabrahamon-is-voltunk.html","title":{"rendered":"Szent\u00e1brah\u00e1mon is voltunk"},"content":{"rendered":"<p style=\"font-weight: 400;\">H\u00e9tf\u0151n kezd\u0151d\u00f6tt az els\u0151 napunk a csod\u00e1latos kalandok t\u00e1bor\u00e1ban. Szok\u00e1s szerint azzal indult, hogy megismerkedt\u00fcnk a gyerekekkel. Ezt k\u00f6vet\u0151en k\u00e9t csoportra osztottuk \u0151ket. Az egyik csoport a mozgalmasabb j\u00e1t\u00e9kkal kezdett (1. csapat), ami egy baseball-szer\u0171 verseny volt, m\u00edg a m\u00e1sik csoport egy workshopon vett r\u00e9szt a t\u00e9rk\u00e9polvas\u00e1sr\u00f3l \u00e9s a r\u00f6gt\u00f6nz\u00f6tt ir\u00e1nyt\u0171 k\u00e9sz\u00edt\u00e9s\u00e9r\u0151l (2. csapat). Ezt k\u00f6vet\u0151en csoportot cser\u00e9lt\u00fcnk (az 1. csapat a t\u00e9rk\u00e9polvas\u00e1son, a 2. csapat a baseballmeccsen vett r\u00e9szt). <br \/><br \/>Ezt a t\u00e1bor minden m\u00e1sodik napj\u00e1n megtett\u00fck, hogy mindannyian jobban kezelhet\u0151 kisebb csoportokban sz\u00f3rakozhassunk, j\u00e1tszva \u00e9s a csod\u00e1latos m\u0171helyeket k\u00e9sz\u00edtve, l\u00e9v\u00e9n, hogy ez volt a legnagyobb l\u00e9tsz\u00e1m\u00fa t\u00e1borunk, majdnem 40 gyerekekkel.<br \/><br \/><\/p><p style=\"font-weight: 400;\"><img loading=\"lazy\" class=\"aligncenter size-large wp-image-9641\" src=\"https:\/\/www.ata-ro.eu\/wp-content\/uploads\/2023\/08\/sz7-768x1024.jpeg\" alt=\"\" width=\"768\" height=\"1024\" srcset=\"https:\/\/www.ata-ro.eu\/wp-content\/uploads\/2023\/08\/sz7-768x1024.jpeg 768w, https:\/\/www.ata-ro.eu\/wp-content\/uploads\/2023\/08\/sz7-225x300.jpeg 225w, https:\/\/www.ata-ro.eu\/wp-content\/uploads\/2023\/08\/sz7-1152x1536.jpeg 1152w, https:\/\/www.ata-ro.eu\/wp-content\/uploads\/2023\/08\/sz7-413x550.jpeg 413w, https:\/\/www.ata-ro.eu\/wp-content\/uploads\/2023\/08\/sz7-413x550@2x.jpeg 825w, https:\/\/www.ata-ro.eu\/wp-content\/uploads\/2023\/08\/sz7.jpeg 1200w\" sizes=\"(max-width: 768px) 100vw, 768px\" \/><\/p>Kedden az energizerek ut\u00e1n j\u00e1tszottunk n\u00e9h\u00e1ny k\u00f6rt a Police VS Thieves \u00e9s a Capture the Flag j\u00e1t\u00e9kkal. <br \/><br \/><img loading=\"lazy\" class=\"aligncenter  wp-image-9644\" src=\"https:\/\/www.ata-ro.eu\/wp-content\/uploads\/2023\/08\/sz2-1024x768.jpeg\" alt=\"\" width=\"556\" height=\"417\" srcset=\"https:\/\/www.ata-ro.eu\/wp-content\/uploads\/2023\/08\/sz2-1024x768.jpeg 1024w, https:\/\/www.ata-ro.eu\/wp-content\/uploads\/2023\/08\/sz2-300x225.jpeg 300w, https:\/\/www.ata-ro.eu\/wp-content\/uploads\/2023\/08\/sz2-768x576.jpeg 768w, https:\/\/www.ata-ro.eu\/wp-content\/uploads\/2023\/08\/sz2-1536x1152.jpeg 1536w, https:\/\/www.ata-ro.eu\/wp-content\/uploads\/2023\/08\/sz2-733x550.jpeg 733w, https:\/\/www.ata-ro.eu\/wp-content\/uploads\/2023\/08\/sz2-733x550@2x.jpeg 1467w, https:\/\/www.ata-ro.eu\/wp-content\/uploads\/2023\/08\/sz2-80x60.jpeg 80w, https:\/\/www.ata-ro.eu\/wp-content\/uploads\/2023\/08\/sz2-80x60@2x.jpeg 160w, https:\/\/www.ata-ro.eu\/wp-content\/uploads\/2023\/08\/sz2.jpeg 1600w\" sizes=\"(max-width: 556px) 100vw, 556px\" \/><br \/><br \/>A sz\u00fcnet ut\u00e1n origamit k\u00e9sz\u00edtett\u00fcnk: madarak, b\u00e9k\u00e1k, rep\u00fcl\u0151k, k\u00e9zilegyez\u0151k sz\u00fclettek, melyeket egy sz\u00ednh\u00e1zi improviz\u00e1ci\u00f3s j\u00e1t\u00e9k sor\u00e1n 4 &#8211; 5 f\u0151s csoportban k\u00fcl\u00f6nb\u00f6z\u0151 szitu\u00e1ci\u00f3kban haszn\u00e1ltuk fel.<br \/><br \/><img loading=\"lazy\" class=\"aligncenter  wp-image-9647\" src=\"https:\/\/www.ata-ro.eu\/wp-content\/uploads\/2023\/08\/sz6-1024x768.jpeg\" alt=\"\" width=\"594\" height=\"446\" srcset=\"https:\/\/www.ata-ro.eu\/wp-content\/uploads\/2023\/08\/sz6-1024x768.jpeg 1024w, https:\/\/www.ata-ro.eu\/wp-content\/uploads\/2023\/08\/sz6-300x225.jpeg 300w, https:\/\/www.ata-ro.eu\/wp-content\/uploads\/2023\/08\/sz6-768x576.jpeg 768w, https:\/\/www.ata-ro.eu\/wp-content\/uploads\/2023\/08\/sz6-1536x1152.jpeg 1536w, https:\/\/www.ata-ro.eu\/wp-content\/uploads\/2023\/08\/sz6-733x550.jpeg 733w, https:\/\/www.ata-ro.eu\/wp-content\/uploads\/2023\/08\/sz6-733x550@2x.jpeg 1467w, https:\/\/www.ata-ro.eu\/wp-content\/uploads\/2023\/08\/sz6-80x60.jpeg 80w, https:\/\/www.ata-ro.eu\/wp-content\/uploads\/2023\/08\/sz6-80x60@2x.jpeg 160w, https:\/\/www.ata-ro.eu\/wp-content\/uploads\/2023\/08\/sz6.jpeg 1600w\" sizes=\"(max-width: 594px) 100vw, 594px\" \/><br \/><br \/>\u00a0Szerd\u00e1n egy nagyon izgalmas j\u00e1t\u00e9kot j\u00e1tszottunk Gymkhana n\u00e9ven. Ennek a j\u00e1t\u00e9knak nyolc \u00e1llom\u00e1sa volt, ahol a gyerekeknek csoportosan t\u00f6bb feladatot kellett teljes\u00edteni\u00fck, mint a tekedobozok, a l\u00e9gg\u00f6mb \u00e1tad\u00e1sa k\u00e9zhaszn\u00e1lat n\u00e9lk\u00fcl, vagy a k\u00e1rtyav\u00e1r \u00e9p\u00edt\u00e9se. Mik\u00f6zben ez t\u00f6rt\u00e9nt, elkezdt\u00fcnk kis jelz\u0151ket\/z\u00e1szl\u00f3kat k\u00e9sz\u00edteni a m\u00e1snapi nagy j\u00e1t\u00e9kunkhoz.<br \/><br \/><img loading=\"lazy\" class=\"aligncenter size-large wp-image-9650\" src=\"https:\/\/www.ata-ro.eu\/wp-content\/uploads\/2023\/08\/sz4-576x1024.jpeg\" alt=\"\" width=\"576\" height=\"1024\" srcset=\"https:\/\/www.ata-ro.eu\/wp-content\/uploads\/2023\/08\/sz4-576x1024.jpeg 576w, https:\/\/www.ata-ro.eu\/wp-content\/uploads\/2023\/08\/sz4-169x300.jpeg 169w, https:\/\/www.ata-ro.eu\/wp-content\/uploads\/2023\/08\/sz4-768x1365.jpeg 768w, https:\/\/www.ata-ro.eu\/wp-content\/uploads\/2023\/08\/sz4-864x1536.jpeg 864w, https:\/\/www.ata-ro.eu\/wp-content\/uploads\/2023\/08\/sz4-309x550.jpeg 309w, https:\/\/www.ata-ro.eu\/wp-content\/uploads\/2023\/08\/sz4-309x550@2x.jpeg 619w, https:\/\/www.ata-ro.eu\/wp-content\/uploads\/2023\/08\/sz4.jpeg 900w\" sizes=\"(max-width: 576px) 100vw, 576px\" \/><br \/><br \/>Izgalmas volt a cs\u00fct\u00f6rt\u00f6k, hiszen egy szuper akad\u00e1lyversennyel kezdt\u00fck a napot, ahol a gyerekeknek mozg\u00e9konys\u00e1guk seg\u00edts\u00e9g\u00e9vel kellett az els\u0151 helyen c\u00e9lba \u00e9rni\u00fck.Ezt k\u00f6vet\u0151en kincsvad\u00e1szatot tartottunk, melynek sor\u00e1n k\u00fcl\u00f6nb\u00f6z\u0151 sz\u00edn\u0171 csapatok kerest\u00e9k a kis z\u00e1szl\u00f3ikat, melyek az eg\u00e9sz iskol\u00e1ban el voltak rejtve. A napot m\u00e9g n\u00e9h\u00e1ny pihentet\u0151 j\u00e1t\u00e9kkal \u00e9s a pointillizmusb\u00f3l ihletett fest\u00e9ssel fejezt\u00fck be, vattacsom\u00f3val.<br \/><br \/><img loading=\"lazy\" class=\"aligncenter  wp-image-9653\" src=\"https:\/\/www.ata-ro.eu\/wp-content\/uploads\/2023\/08\/sz5-1024x576.jpeg\" alt=\"\" width=\"711\" height=\"400\" srcset=\"https:\/\/www.ata-ro.eu\/wp-content\/uploads\/2023\/08\/sz5-1024x576.jpeg 1024w, https:\/\/www.ata-ro.eu\/wp-content\/uploads\/2023\/08\/sz5-300x169.jpeg 300w, https:\/\/www.ata-ro.eu\/wp-content\/uploads\/2023\/08\/sz5-768x432.jpeg 768w, https:\/\/www.ata-ro.eu\/wp-content\/uploads\/2023\/08\/sz5-1536x864.jpeg 1536w, https:\/\/www.ata-ro.eu\/wp-content\/uploads\/2023\/08\/sz5-978x550.jpeg 978w, https:\/\/www.ata-ro.eu\/wp-content\/uploads\/2023\/08\/sz5.jpeg 1600w\" sizes=\"(max-width: 711px) 100vw, 711px\" \/><br \/><br \/>Szuper m\u00f3k\u00e1s t\u00e1bor volt, de m\u00e9g volt egy utols\u00f3 nap, amit egy\u00fctt t\u00f6lthett\u00fcnk, \u00edgy k\u00e9sz\u00fclt\u00fcnk egy meglepet\u00e9ssel: a nap alatti j\u00e1t\u00e9k ut\u00e1n fel akartuk friss\u00edteni magunkat, \u00edgy v\u00edzi harcot rendezt\u00fcnk v\u00edziballonokkal, v\u00edzipisztolyokkal, v\u00f6dr\u00f6kkel \u00e9s mindennel, ami ilyenkor duk\u00e1l. <br \/><br \/>Felfriss\u00fclt\u00fcnk, majd ut\u00e1na k\u00e9sz\u00edtett\u00fcnk egy k\u00fcl\u00f6nlegess\u00e9get, egy s\u00e1rk\u00e1nyt, mellyel \u00e1trep\u00fclhet\u00fcnk az \u00e9gen.\u00a0Szuper sz\u00f3rakoztat\u00f3 t\u00e1bor volt, sok-sok \u00e9lm\u00e9nnyel gazdagodtunk, \u00e9s miel\u0151tt m\u00e9g elb\u00facs\u00faztunk hagytunk egym\u00e1s pol\u00f3in kedves \u00fczeneteket, ezzel is \u00f6r\u00f6k eml\u00e9ket \u00e1ll\u00edtva az egy\u00fctt t\u00f6lt\u00f6tt het\u00fcnknek. \u00a0\u00a0<p style=\"font-weight: 400;\">\u00a0<\/p><p style=\"font-weight: 400;\">\u00a0<\/p>","protected":false},"excerpt":{"rendered":"<p>H\u00e9tf\u0151n kezd\u0151d\u00f6tt az els\u0151 napunk a csod\u00e1latos kalandok t\u00e1bor\u00e1ban. Szok\u00e1s szerint azzal indult, hogy megismerkedt\u00fcnk a gyerekekkel. Ezt k\u00f6vet\u0151en k\u00e9t csoportra osztottuk \u0151ket. Az egyik csoport a mozgalmasabb j\u00e1t\u00e9kkal kezdett (1. csapat), ami egy baseball-szer\u0171 verseny volt, m\u00edg a m\u00e1sik csoport egy workshopon vett r\u00e9szt a t\u00e9rk\u00e9polvas\u00e1sr\u00f3l \u00e9s a r\u00f6gt\u00f6nz\u00f6tt ir\u00e1nyt\u0171 k\u00e9sz\u00edt\u00e9s\u00e9r\u0151l (2. csapat). Ezt k\u00f6vet\u0151en csoportot cser\u00e9lt\u00fcnk (az 1. csapat a t\u00e9rk\u00e9polvas\u00e1son, a 2. csapat a baseballmeccsen vett r\u00e9szt). Ezt a t\u00e1bor minden m\u00e1sodik napj\u00e1n megtett\u00fck, hogy mindannyian jobban kezelhet\u0151 kisebb csoportokban sz\u00f3rakozhassunk, j\u00e1tszva \u00e9s a csod\u00e1latos m\u0171helyeket k\u00e9sz\u00edtve,<a class=\"more-link\" href=\"https:\/\/www.ata-ro.eu\/hu\/hirek\/szentabrahamon-is-voltunk.html\">SEE DETAILS <span class=\"more-link-image\"><\/span><span class=\"more-link-hover-image\"><\/span><\/a><\/p>\n","protected":false},"author":6,"featured_media":9641,"comment_status":"closed","ping_status":"closed","sticky":false,"template":"","format":"standard","meta":{"_links_to":"","_links_to_target":""},"categories":[213],"tags":[],"yoast_head":"<!-- This site is optimized with the Yoast SEO plugin v18.2 - https:\/\/yoast.com\/wordpress\/plugins\/seo\/ -->\n<title>Szent\u00e1brah\u00e1mon is voltunk - Erd\u00e9lyi Ifj\u00fas\u00e1gi Egyes\u00fclet<\/title>\n<meta name=\"robots\" content=\"index, follow, max-snippet:-1, max-image-preview:large, max-video-preview:-1\" \/>\n<link rel=\"canonical\" href=\"https:\/\/www.ata-ro.eu\/hu\/hirek\/szentabrahamon-is-voltunk.html\" \/>\n<meta property=\"og:locale\" content=\"hu_HU\" \/>\n<meta property=\"og:type\" content=\"article\" \/>\n<meta property=\"og:title\" content=\"Szent\u00e1brah\u00e1mon is voltunk - Erd\u00e9lyi Ifj\u00fas\u00e1gi Egyes\u00fclet\" \/>\n<meta property=\"og:description\" content=\"H\u00e9tf\u0151n kezd\u0151d\u00f6tt az els\u0151 napunk a csod\u00e1latos kalandok t\u00e1bor\u00e1ban. Szok\u00e1s szerint azzal indult, hogy megismerkedt\u00fcnk a gyerekekkel. Ezt k\u00f6vet\u0151en k\u00e9t csoportra osztottuk \u0151ket. Az egyik csoport a mozgalmasabb j\u00e1t\u00e9kkal kezdett (1. csapat), ami egy baseball-szer\u0171 verseny volt, m\u00edg a m\u00e1sik csoport egy workshopon vett r\u00e9szt a t\u00e9rk\u00e9polvas\u00e1sr\u00f3l \u00e9s a r\u00f6gt\u00f6nz\u00f6tt ir\u00e1nyt\u0171 k\u00e9sz\u00edt\u00e9s\u00e9r\u0151l (2. csapat). Ezt k\u00f6vet\u0151en csoportot cser\u00e9lt\u00fcnk (az 1. csapat a t\u00e9rk\u00e9polvas\u00e1son, a 2. csapat a baseballmeccsen vett r\u00e9szt). Ezt a t\u00e1bor minden m\u00e1sodik napj\u00e1n megtett\u00fck, hogy mindannyian jobban kezelhet\u0151 kisebb csoportokban sz\u00f3rakozhassunk, j\u00e1tszva \u00e9s a csod\u00e1latos m\u0171helyeket k\u00e9sz\u00edtve,SEE DETAILS\" \/>\n<meta property=\"og:url\" content=\"https:\/\/www.ata-ro.eu\/hu\/hirek\/szentabrahamon-is-voltunk.html\" \/>\n<meta property=\"og:site_name\" content=\"Erd\u00e9lyi Ifj\u00fas\u00e1gi Egyes\u00fclet\" \/>\n<meta property=\"article:published_time\" content=\"2023-08-28T11:13:15+00:00\" \/>\n<meta property=\"article:modified_time\" content=\"2023-08-28T11:14:22+00:00\" \/>\n<meta property=\"og:image\" content=\"https:\/\/www.ata-ro.eu\/wp-content\/uploads\/2023\/08\/sz7.jpeg\" \/>\n\t<meta property=\"og:image:width\" content=\"1200\" \/>\n\t<meta property=\"og:image:height\" content=\"1600\" \/>\n\t<meta property=\"og:image:type\" content=\"image\/jpeg\" \/>\n<meta name=\"twitter:card\" content=\"summary_large_image\" \/>\n<meta name=\"twitter:label1\" content=\"Szerz\u0151:\" \/>\n\t<meta name=\"twitter:data1\" content=\"Nikolas Varga\" \/>\n\t<meta name=\"twitter:label2\" content=\"Becs\u00fclt olvas\u00e1si id\u0151\" \/>\n\t<meta name=\"twitter:data2\" content=\"3 perc\" \/>\n<script type=\"application\/ld+json\" class=\"yoast-schema-graph\">{\"@context\":\"https:\/\/schema.org\",\"@graph\":[{\"@type\":\"WebSite\",\"@id\":\"https:\/\/www.ata-ro.eu\/hu#website\",\"url\":\"https:\/\/www.ata-ro.eu\/hu\",\"name\":\"Erd\u00e9lyi Ifj\u00fas\u00e1gi Egyes\u00fclet\",\"description\":\"\",\"potentialAction\":[{\"@type\":\"SearchAction\",\"target\":{\"@type\":\"EntryPoint\",\"urlTemplate\":\"https:\/\/www.ata-ro.eu\/hu?s={search_term_string}\"},\"query-input\":\"required name=search_term_string\"}],\"inLanguage\":\"hu\"},{\"@type\":\"ImageObject\",\"@id\":\"https:\/\/www.ata-ro.eu\/hu\/hirek\/szentabrahamon-is-voltunk.html#primaryimage\",\"inLanguage\":\"hu\",\"url\":\"https:\/\/www.ata-ro.eu\/wp-content\/uploads\/2023\/08\/sz7.jpeg\",\"contentUrl\":\"https:\/\/www.ata-ro.eu\/wp-content\/uploads\/2023\/08\/sz7.jpeg\",\"width\":1200,\"height\":1600},{\"@type\":\"WebPage\",\"@id\":\"https:\/\/www.ata-ro.eu\/hu\/hirek\/szentabrahamon-is-voltunk.html#webpage\",\"url\":\"https:\/\/www.ata-ro.eu\/hu\/hirek\/szentabrahamon-is-voltunk.html\",\"name\":\"Szent\u00e1brah\u00e1mon is voltunk - Erd\u00e9lyi Ifj\u00fas\u00e1gi Egyes\u00fclet\",\"isPartOf\":{\"@id\":\"https:\/\/www.ata-ro.eu\/hu#website\"},\"primaryImageOfPage\":{\"@id\":\"https:\/\/www.ata-ro.eu\/hu\/hirek\/szentabrahamon-is-voltunk.html#primaryimage\"},\"datePublished\":\"2023-08-28T11:13:15+00:00\",\"dateModified\":\"2023-08-28T11:14:22+00:00\",\"author\":{\"@id\":\"https:\/\/www.ata-ro.eu\/hu#\/schema\/person\/9d7b7eadd924f769b322bbc53397837e\"},\"breadcrumb\":{\"@id\":\"https:\/\/www.ata-ro.eu\/hu\/hirek\/szentabrahamon-is-voltunk.html#breadcrumb\"},\"inLanguage\":\"hu\",\"potentialAction\":[{\"@type\":\"ReadAction\",\"target\":[\"https:\/\/www.ata-ro.eu\/hu\/hirek\/szentabrahamon-is-voltunk.html\"]}]},{\"@type\":\"BreadcrumbList\",\"@id\":\"https:\/\/www.ata-ro.eu\/hu\/hirek\/szentabrahamon-is-voltunk.html#breadcrumb\",\"itemListElement\":[{\"@type\":\"ListItem\",\"position\":1,\"name\":\"Home\",\"item\":\"https:\/\/www.ata-ro.eu\/hu\"},{\"@type\":\"ListItem\",\"position\":2,\"name\":\"Szent\u00e1brah\u00e1mon is voltunk\"}]},{\"@type\":\"Person\",\"@id\":\"https:\/\/www.ata-ro.eu\/hu#\/schema\/person\/9d7b7eadd924f769b322bbc53397837e\",\"name\":\"Nikolas Varga\",\"image\":{\"@type\":\"ImageObject\",\"@id\":\"https:\/\/www.ata-ro.eu\/hu#personlogo\",\"inLanguage\":\"hu\",\"url\":\"https:\/\/secure.gravatar.com\/avatar\/9ddca73acde253dfda6181d8c8b53858?s=96&d=mm&r=g\",\"contentUrl\":\"https:\/\/secure.gravatar.com\/avatar\/9ddca73acde253dfda6181d8c8b53858?s=96&d=mm&r=g\",\"caption\":\"Nikolas Varga\"},\"url\":\"https:\/\/www.ata-ro.eu\/hu\/author\/nikolas\"}]}<\/script>\n<!-- \/ Yoast SEO plugin. -->","yoast_head_json":{"title":"Szent\u00e1brah\u00e1mon is voltunk - Erd\u00e9lyi Ifj\u00fas\u00e1gi Egyes\u00fclet","robots":{"index":"index","follow":"follow","max-snippet":"max-snippet:-1","max-image-preview":"max-image-preview:large","max-video-preview":"max-video-preview:-1"},"canonical":"https:\/\/www.ata-ro.eu\/hu\/hirek\/szentabrahamon-is-voltunk.html","og_locale":"hu_HU","og_type":"article","og_title":"Szent\u00e1brah\u00e1mon is voltunk - Erd\u00e9lyi Ifj\u00fas\u00e1gi Egyes\u00fclet","og_description":"H\u00e9tf\u0151n kezd\u0151d\u00f6tt az els\u0151 napunk a csod\u00e1latos kalandok t\u00e1bor\u00e1ban. Szok\u00e1s szerint azzal indult, hogy megismerkedt\u00fcnk a gyerekekkel. Ezt k\u00f6vet\u0151en k\u00e9t csoportra osztottuk \u0151ket. Az egyik csoport a mozgalmasabb j\u00e1t\u00e9kkal kezdett (1. csapat), ami egy baseball-szer\u0171 verseny volt, m\u00edg a m\u00e1sik csoport egy workshopon vett r\u00e9szt a t\u00e9rk\u00e9polvas\u00e1sr\u00f3l \u00e9s a r\u00f6gt\u00f6nz\u00f6tt ir\u00e1nyt\u0171 k\u00e9sz\u00edt\u00e9s\u00e9r\u0151l (2. csapat). Ezt k\u00f6vet\u0151en csoportot cser\u00e9lt\u00fcnk (az 1. csapat a t\u00e9rk\u00e9polvas\u00e1son, a 2. csapat a baseballmeccsen vett r\u00e9szt). Ezt a t\u00e1bor minden m\u00e1sodik napj\u00e1n megtett\u00fck, hogy mindannyian jobban kezelhet\u0151 kisebb csoportokban sz\u00f3rakozhassunk, j\u00e1tszva \u00e9s a csod\u00e1latos m\u0171helyeket k\u00e9sz\u00edtve,SEE DETAILS","og_url":"https:\/\/www.ata-ro.eu\/hu\/hirek\/szentabrahamon-is-voltunk.html","og_site_name":"Erd\u00e9lyi Ifj\u00fas\u00e1gi Egyes\u00fclet","article_published_time":"2023-08-28T11:13:15+00:00","article_modified_time":"2023-08-28T11:14:22+00:00","og_image":[{"width":1200,"height":1600,"url":"https:\/\/www.ata-ro.eu\/wp-content\/uploads\/2023\/08\/sz7.jpeg","type":"image\/jpeg"}],"twitter_card":"summary_large_image","twitter_misc":{"Szerz\u0151:":"Nikolas Varga","Becs\u00fclt olvas\u00e1si id\u0151":"3 perc"},"schema":{"@context":"https:\/\/schema.org","@graph":[{"@type":"WebSite","@id":"https:\/\/www.ata-ro.eu\/hu#website","url":"https:\/\/www.ata-ro.eu\/hu","name":"Erd\u00e9lyi Ifj\u00fas\u00e1gi Egyes\u00fclet","description":"","potentialAction":[{"@type":"SearchAction","target":{"@type":"EntryPoint","urlTemplate":"https:\/\/www.ata-ro.eu\/hu?s={search_term_string}"},"query-input":"required name=search_term_string"}],"inLanguage":"hu"},{"@type":"ImageObject","@id":"https:\/\/www.ata-ro.eu\/hu\/hirek\/szentabrahamon-is-voltunk.html#primaryimage","inLanguage":"hu","url":"https:\/\/www.ata-ro.eu\/wp-content\/uploads\/2023\/08\/sz7.jpeg","contentUrl":"https:\/\/www.ata-ro.eu\/wp-content\/uploads\/2023\/08\/sz7.jpeg","width":1200,"height":1600},{"@type":"WebPage","@id":"https:\/\/www.ata-ro.eu\/hu\/hirek\/szentabrahamon-is-voltunk.html#webpage","url":"https:\/\/www.ata-ro.eu\/hu\/hirek\/szentabrahamon-is-voltunk.html","name":"Szent\u00e1brah\u00e1mon is voltunk - Erd\u00e9lyi Ifj\u00fas\u00e1gi Egyes\u00fclet","isPartOf":{"@id":"https:\/\/www.ata-ro.eu\/hu#website"},"primaryImageOfPage":{"@id":"https:\/\/www.ata-ro.eu\/hu\/hirek\/szentabrahamon-is-voltunk.html#primaryimage"},"datePublished":"2023-08-28T11:13:15+00:00","dateModified":"2023-08-28T11:14:22+00:00","author":{"@id":"https:\/\/www.ata-ro.eu\/hu#\/schema\/person\/9d7b7eadd924f769b322bbc53397837e"},"breadcrumb":{"@id":"https:\/\/www.ata-ro.eu\/hu\/hirek\/szentabrahamon-is-voltunk.html#breadcrumb"},"inLanguage":"hu","potentialAction":[{"@type":"ReadAction","target":["https:\/\/www.ata-ro.eu\/hu\/hirek\/szentabrahamon-is-voltunk.html"]}]},{"@type":"BreadcrumbList","@id":"https:\/\/www.ata-ro.eu\/hu\/hirek\/szentabrahamon-is-voltunk.html#breadcrumb","itemListElement":[{"@type":"ListItem","position":1,"name":"Home","item":"https:\/\/www.ata-ro.eu\/hu"},{"@type":"ListItem","position":2,"name":"Szent\u00e1brah\u00e1mon is voltunk"}]},{"@type":"Person","@id":"https:\/\/www.ata-ro.eu\/hu#\/schema\/person\/9d7b7eadd924f769b322bbc53397837e","name":"Nikolas Varga","image":{"@type":"ImageObject","@id":"https:\/\/www.ata-ro.eu\/hu#personlogo","inLanguage":"hu","url":"https:\/\/secure.gravatar.com\/avatar\/9ddca73acde253dfda6181d8c8b53858?s=96&d=mm&r=g","contentUrl":"https:\/\/secure.gravatar.com\/avatar\/9ddca73acde253dfda6181d8c8b53858?s=96&d=mm&r=g","caption":"Nikolas Varga"},"url":"https:\/\/www.ata-ro.eu\/hu\/author\/nikolas"}]}},"_links":{"self":[{"href":"https:\/\/www.ata-ro.eu\/hu\/wp-json\/wp\/v2\/posts\/9639"}],"collection":[{"href":"https:\/\/www.ata-ro.eu\/hu\/wp-json\/wp\/v2\/posts"}],"about":[{"href":"https:\/\/www.ata-ro.eu\/hu\/wp-json\/wp\/v2\/types\/post"}],"author":[{"embeddable":true,"href":"https:\/\/www.ata-ro.eu\/hu\/wp-json\/wp\/v2\/users\/6"}],"replies":[{"embeddable":true,"href":"https:\/\/www.ata-ro.eu\/hu\/wp-json\/wp\/v2\/comments?post=9639"}],"version-history":[{"count":2,"href":"https:\/\/www.ata-ro.eu\/hu\/wp-json\/wp\/v2\/posts\/9639\/revisions"}],"predecessor-version":[{"id":9656,"href":"https:\/\/www.ata-ro.eu\/hu\/wp-json\/wp\/v2\/posts\/9639\/revisions\/9656"}],"wp:featuredmedia":[{"embeddable":true,"href":"https:\/\/www.ata-ro.eu\/hu\/wp-json\/wp\/v2\/media\/9641"}],"wp:attachment":[{"href":"https:\/\/www.ata-ro.eu\/hu\/wp-json\/wp\/v2\/media?parent=9639"}],"wp:term":[{"taxonomy":"category","embeddable":true,"href":"https:\/\/www.ata-ro.eu\/hu\/wp-json\/wp\/v2\/categories?post=9639"},{"taxonomy":"post_tag","embeddable":true,"href":"https:\/\/www.ata-ro.eu\/hu\/wp-json\/wp\/v2\/tags?post=9639"}],"curies":[{"name":"wp","href":"https:\/\/api.w.org\/{rel}","templated":true}]}}