{"id":9686,"date":"2023-09-04T12:46:19","date_gmt":"2023-09-04T09:46:19","guid":{"rendered":"https:\/\/www.ata-ro.eu\/?p=9686"},"modified":"2023-09-04T12:49:05","modified_gmt":"2023-09-04T09:49:05","slug":"ifjusagi-csere-a-digitalis-tortenet-meselesrol-portugaliaban","status":"publish","type":"post","link":"https:\/\/www.ata-ro.eu\/hu\/hirek\/ifjusagi-csere-a-digitalis-tortenet-meselesrol-portugaliaban.html","title":{"rendered":"Ifj\u00fas\u00e1gi csere a digit\u00e1lis t\u00f6rt\u00e9net mes\u00e9l\u00e9sr\u0151l Portug\u00e1li\u00e1ban"},"content":{"rendered":"<p style=\"font-weight: 400;\">Hat f\u0151s kis csapatunk ell\u00e1togatott a fest\u0151i Amarante v\u00e1ros\u00e1ba, Portug\u00e1li\u00e1ba, hogy r\u00e9szt vegyen egy egyed\u00fcl\u00e1ll\u00f3 \u00e9s mag\u00e1val ragad\u00f3 programon, amely \u00f6t k\u00fcl\u00f6nb\u00f6z\u0151 orsz\u00e1got hozott \u00f6ssze. A r\u00e9sztvev\u0151knek lehet\u0151s\u00e9g\u00fck ny\u00edlt arra, hogy elm\u00e9lyedjenek a digit\u00e1lis t\u00f6rt\u00e9netmes\u00e9l\u00e9s vil\u00e1g\u00e1ban, egy olyan utaz\u00e1sban, amely \u00f6sszefon\u00f3dott a kreativit\u00e1ssal, a bajt\u00e1rsiass\u00e1ggal \u00e9s a kultur\u00e1lis felfedez\u00e9ssel.<br \/><br \/><img loading=\"lazy\" class=\"aligncenter size-large wp-image-9700\" src=\"https:\/\/www.ata-ro.eu\/wp-content\/uploads\/2023\/09\/WhatsApp-Image-2023-09-04-at-12.39.47-1024x680.jpeg\" alt=\"\" width=\"1024\" height=\"680\" srcset=\"https:\/\/www.ata-ro.eu\/wp-content\/uploads\/2023\/09\/WhatsApp-Image-2023-09-04-at-12.39.47-1024x680.jpeg 1024w, https:\/\/www.ata-ro.eu\/wp-content\/uploads\/2023\/09\/WhatsApp-Image-2023-09-04-at-12.39.47-300x199.jpeg 300w, https:\/\/www.ata-ro.eu\/wp-content\/uploads\/2023\/09\/WhatsApp-Image-2023-09-04-at-12.39.47-768x510.jpeg 768w, https:\/\/www.ata-ro.eu\/wp-content\/uploads\/2023\/09\/WhatsApp-Image-2023-09-04-at-12.39.47-1536x1020.jpeg 1536w, https:\/\/www.ata-ro.eu\/wp-content\/uploads\/2023\/09\/WhatsApp-Image-2023-09-04-at-12.39.47-828x550.jpeg 828w, https:\/\/www.ata-ro.eu\/wp-content\/uploads\/2023\/09\/WhatsApp-Image-2023-09-04-at-12.39.47-1656x1100.jpeg 1656w, https:\/\/www.ata-ro.eu\/wp-content\/uploads\/2023\/09\/WhatsApp-Image-2023-09-04-at-12.39.47.jpeg 2048w\" sizes=\"(max-width: 1024px) 100vw, 1024px\" \/><\/p><p style=\"font-weight: 400;\"><br \/>Az els\u0151 nap a helysz\u00ednr\u0151l \u00e9s a r\u00e9sztvev\u0151kr\u0151l sz\u00f3lt. Portug\u00e1lia melege egy \u00faj kaland kezdet\u00e9t jelentette. A napot a j\u00e9gt\u00f6r\u0151 tev\u00e9kenys\u00e9geknek, a kapcsolat\u00e9p\u00edt\u00e9s seg\u00edt\u00e9s\u00e9nek, a t\u00f6bbi r\u00e9sztvev\u0151 \u00e9s a var\u00e1zslatos k\u00f6rnyezet megismer\u00e9s\u00e9nek szentelt\u00fck.<br \/><br \/><\/p><p style=\"font-weight: 400;\">Ahogy a napfelkelte bevil\u00e1g\u00edtotta a foly\u00f3 melletti \u00e9p\u00fclet terasz\u00e1t, a m\u00e1sodik nap is elkezd\u0151d\u00f6tt. A n\u00e9vj\u00e1t\u00e9kok m\u00e9g egy picit folytat\u00f3dtak, majd miut\u00e1n a megtanultuk az \u00f6sszes r\u00e9sztvev\u0151 nev\u00e9t, ideje volt tov\u00e1bbl\u00e9pni. Bemutattuk az alapvet\u0151 t\u00f6rt\u00e9netmes\u00e9l\u00e9si koncepci\u00f3kat, megalapozva ezzel az el\u0151tt\u00fcnk \u00e1ll\u00f3 munka h\u00e1tral\u00e9v\u0151 r\u00e9sz\u00e9t.<br \/><br \/><\/p><p style=\"font-weight: 400;\">A harmadik nap egy kis kalanddal indult. Kajakos \u00e9lm\u00e9nyben vehett\u00fcnk r\u00e9szt a reggeli \u00f3r\u00e1kban, \u00e9s b\u00fcszk\u00e9n evezhett\u00fcnk Amarante nyugtat\u00f3 foly\u00f3j\u00e1n. Ez egy mindenk\u00e9ppen kipr\u00f3b\u00e1land\u00f3 program, mivel a v\u00e1ros kajakcsapata nagyon j\u00f3l ismert \u00e9s nagy tiszteletnek \u00f6rvend. Fizikai er\u0151fesz\u00edt\u00e9s\u00fcnk ut\u00e1n itt volt az ideje, hogy egy elm\u00e9letibb ter\u00fcletre l\u00e9pj\u00fcnk. A d\u00e9lut\u00e1n egy storytelling workshoppal kezd\u0151d\u00f6tt, ahol a r\u00e9sztvev\u0151k megtanult\u00e1k a komplex narrat\u00edv\u00e1k kidolgoz\u00e1s\u00e1nak fort\u00e9lyait.<br \/><br \/><\/p><p style=\"font-weight: 400;\">A negyedik nap az \u00f3ce\u00e1n hull\u00e1mainak \u00e1tszel\u00e9s\u00e9vel kezd\u0151d\u00f6tt. B\u00e1r nyilv\u00e1nval\u00f3v\u00e1 v\u00e1lt, hogy nem mindannyian sz\u00fclett\u00fcnk sz\u00f6rfbajnoknak, j\u00f3l \u00e9rezt\u00fck magunkat, \u00e9s ez az, ami sz\u00e1m\u00edt. A d\u00e9lut\u00e1nt a port\u00f3i kultur\u00e1lis tev\u00e9kenys\u00e9geknek szentelt\u00fck, elm\u00e9ly\u00edtett\u00fck kapcsolatunkat a portug\u00e1l kult\u00far\u00e1val \u00e9s Francesina fogyaszt\u00e1s\u00e1val.<br \/><br \/><img loading=\"lazy\" class=\"aligncenter size-large wp-image-9690\" src=\"https:\/\/www.ata-ro.eu\/wp-content\/uploads\/2023\/09\/3-1-1024x768.jpeg\" alt=\"\" width=\"1024\" height=\"768\" srcset=\"https:\/\/www.ata-ro.eu\/wp-content\/uploads\/2023\/09\/3-1-1024x768.jpeg 1024w, https:\/\/www.ata-ro.eu\/wp-content\/uploads\/2023\/09\/3-1-300x225.jpeg 300w, https:\/\/www.ata-ro.eu\/wp-content\/uploads\/2023\/09\/3-1-768x576.jpeg 768w, https:\/\/www.ata-ro.eu\/wp-content\/uploads\/2023\/09\/3-1-1536x1152.jpeg 1536w, https:\/\/www.ata-ro.eu\/wp-content\/uploads\/2023\/09\/3-1-733x550.jpeg 733w, https:\/\/www.ata-ro.eu\/wp-content\/uploads\/2023\/09\/3-1-1467x1100.jpeg 1467w, https:\/\/www.ata-ro.eu\/wp-content\/uploads\/2023\/09\/3-1-80x60.jpeg 80w, https:\/\/www.ata-ro.eu\/wp-content\/uploads\/2023\/09\/3-1-160x120.jpeg 160w, https:\/\/www.ata-ro.eu\/wp-content\/uploads\/2023\/09\/3-1.jpeg 2048w\" sizes=\"(max-width: 1024px) 100vw, 1024px\" \/><\/p><p style=\"font-weight: 400;\"><br \/>Az \u00f6t\u00f6dik napja az ifj\u00fas\u00e1gi cser\u00e9nek a digit\u00e1lis form\u00e1ban t\u00f6rt\u00e9n\u0151 t\u00f6rt\u00e9netmes\u00e9l\u00e9sr\u0151l sz\u00f3lt. Megismerkedt\u00fcnk a szerkeszt\u00e9s alapjaival, vizu\u00e1lis \u00e9s audit\u00edv anyagokat gy\u0171jt\u00f6tt\u00fcnk, \u00e9s megtanultuk, hogyan k\u00e9sz\u00edts\u00fcnk el egy csod\u00e1latos el\u0151zetest, amely bemutat minket \u00e9s az \u00e1lmaikat. Ez volt az egyik kulcsfontoss\u00e1g\u00fa pillanat a r\u00f6vid vide\u00f3k l\u00e9trehoz\u00e1s\u00e1ban.<\/p><p style=\"font-weight: 400;\"><br \/>Az utols\u00f3 el\u0151tti napot a vide\u00f3kon val\u00f3 munk\u00e1nak szentelt\u00fck. N\u00e9h\u00e1nyan m\u00e9g mindig gy\u0171jt\u00f6tt\u00e9k az anyagokat, hogy dolgozzanak, m\u00e1sok m\u00e1r elkezdt\u00e9k a szerkeszt\u00e9st, n\u00e9h\u00e1nyan dolgoztak a hangokkal \u00e9s a zen\u00e9vel. Az \u00fajonnan kifejlesztett k\u00e9szs\u00e9gekkel lassan elkezdt\u00fck \u00f6sszerakni r\u00f6vid el\u0151zeteseinket, amelyek bepillant\u00e1st engedtek j\u00f6v\u0151nkbe, \u00e1lmainkba \u00e9s v\u00e1gyainkba. Ez a folyamat lehet\u0151v\u00e9 tette, hogy megtal\u00e1ljuk a hangunkat \u00e9s merj\u00fcnk \u00e1lmodni.<br \/><br \/><\/p><p style=\"font-weight: 400;\">Az utols\u00f3 nap, mint mindig, vegyes \u00e9rzelmeket hozott a tev\u00e9kenys\u00e9gekre. Az ifj\u00fas\u00e1gi cser\u00e9nek siker\u00fclt egy idegenekb\u0151l \u00e1ll\u00f3 csoportot csapatt\u00e1 alak\u00edtania, \u00e9s siker\u00fclt seg\u00edtenie a bar\u00e1ts\u00e1gok ki\u00e9p\u00edt\u00e9s\u00e9ben (\u00e9s n\u00e9h\u00e1ny esetben m\u00e9g a bar\u00e1ts\u00e1gn\u00e1l is t\u00f6bbet&#8230;). Befejezt\u00fck digit\u00e1lis alkot\u00e1sainkat, \u00e9s reflekt\u00e1ltunk a megszerzett k\u00e9szs\u00e9gekre \u00e9s a gy\u00f6ny\u00f6r\u0171 eml\u00e9kekre. Elk\u00f6sz\u00f6nt\u00fcnk, \u00e9s a leveg\u0151 nosztalgi\u00e1val telt meg, m\u00e9g akkor is, ha tudtuk, hogy csup\u00e1n egy hete tal\u00e1lkoztak.<br \/><br \/><img loading=\"lazy\" class=\"aligncenter size-large wp-image-9693\" src=\"https:\/\/www.ata-ro.eu\/wp-content\/uploads\/2023\/09\/2-1-768x1024.jpeg\" alt=\"\" width=\"768\" height=\"1024\" srcset=\"https:\/\/www.ata-ro.eu\/wp-content\/uploads\/2023\/09\/2-1-768x1024.jpeg 768w, https:\/\/www.ata-ro.eu\/wp-content\/uploads\/2023\/09\/2-1-225x300.jpeg 225w, https:\/\/www.ata-ro.eu\/wp-content\/uploads\/2023\/09\/2-1-1152x1536.jpeg 1152w, https:\/\/www.ata-ro.eu\/wp-content\/uploads\/2023\/09\/2-1-413x550.jpeg 413w, https:\/\/www.ata-ro.eu\/wp-content\/uploads\/2023\/09\/2-1-825x1100.jpeg 825w, https:\/\/www.ata-ro.eu\/wp-content\/uploads\/2023\/09\/2-1.jpeg 1536w\" sizes=\"(max-width: 768px) 100vw, 768px\" \/><\/p>","protected":false},"excerpt":{"rendered":"<p>Hat f\u0151s kis csapatunk ell\u00e1togatott a fest\u0151i Amarante v\u00e1ros\u00e1ba, Portug\u00e1li\u00e1ba, hogy r\u00e9szt vegyen egy egyed\u00fcl\u00e1ll\u00f3 \u00e9s mag\u00e1val ragad\u00f3 programon, amely \u00f6t k\u00fcl\u00f6nb\u00f6z\u0151 orsz\u00e1got hozott \u00f6ssze. A r\u00e9sztvev\u0151knek lehet\u0151s\u00e9g\u00fck ny\u00edlt arra, hogy elm\u00e9lyedjenek a digit\u00e1lis t\u00f6rt\u00e9netmes\u00e9l\u00e9s vil\u00e1g\u00e1ban, egy olyan utaz\u00e1sban, amely \u00f6sszefon\u00f3dott a kreativit\u00e1ssal, a bajt\u00e1rsiass\u00e1ggal \u00e9s a kultur\u00e1lis felfedez\u00e9ssel.Az els\u0151 nap a helysz\u00ednr\u0151l \u00e9s a r\u00e9sztvev\u0151kr\u0151l sz\u00f3lt. Portug\u00e1lia melege egy \u00faj kaland kezdet\u00e9t jelentette. A napot a j\u00e9gt\u00f6r\u0151 tev\u00e9kenys\u00e9geknek, a kapcsolat\u00e9p\u00edt\u00e9s seg\u00edt\u00e9s\u00e9nek, a t\u00f6bbi r\u00e9sztvev\u0151 \u00e9s a var\u00e1zslatos k\u00f6rnyezet megismer\u00e9s\u00e9nek szentelt\u00fck.Ahogy a napfelkelte bevil\u00e1g\u00edtotta a foly\u00f3 melletti \u00e9p\u00fclet terasz\u00e1t, a<a class=\"more-link\" href=\"https:\/\/www.ata-ro.eu\/hu\/hirek\/ifjusagi-csere-a-digitalis-tortenet-meselesrol-portugaliaban.html\">SEE DETAILS <span class=\"more-link-image\"><\/span><span class=\"more-link-hover-image\"><\/span><\/a><\/p>\n","protected":false},"author":6,"featured_media":9690,"comment_status":"closed","ping_status":"closed","sticky":false,"template":"","format":"standard","meta":{"_links_to":"","_links_to_target":""},"categories":[213],"tags":[],"yoast_head":"<!-- This site is optimized with the Yoast SEO plugin v18.2 - https:\/\/yoast.com\/wordpress\/plugins\/seo\/ -->\n<title>Ifj\u00fas\u00e1gi csere a digit\u00e1lis t\u00f6rt\u00e9net mes\u00e9l\u00e9sr\u0151l Portug\u00e1li\u00e1ban - Erd\u00e9lyi Ifj\u00fas\u00e1gi Egyes\u00fclet<\/title>\n<meta name=\"robots\" content=\"index, follow, max-snippet:-1, max-image-preview:large, max-video-preview:-1\" \/>\n<link rel=\"canonical\" href=\"https:\/\/www.ata-ro.eu\/hu\/hirek\/ifjusagi-csere-a-digitalis-tortenet-meselesrol-portugaliaban.html\" \/>\n<meta property=\"og:locale\" content=\"hu_HU\" \/>\n<meta property=\"og:type\" content=\"article\" \/>\n<meta property=\"og:title\" content=\"Ifj\u00fas\u00e1gi csere a digit\u00e1lis t\u00f6rt\u00e9net mes\u00e9l\u00e9sr\u0151l Portug\u00e1li\u00e1ban - Erd\u00e9lyi Ifj\u00fas\u00e1gi Egyes\u00fclet\" \/>\n<meta property=\"og:description\" content=\"Hat f\u0151s kis csapatunk ell\u00e1togatott a fest\u0151i Amarante v\u00e1ros\u00e1ba, Portug\u00e1li\u00e1ba, hogy r\u00e9szt vegyen egy egyed\u00fcl\u00e1ll\u00f3 \u00e9s mag\u00e1val ragad\u00f3 programon, amely \u00f6t k\u00fcl\u00f6nb\u00f6z\u0151 orsz\u00e1got hozott \u00f6ssze. A r\u00e9sztvev\u0151knek lehet\u0151s\u00e9g\u00fck ny\u00edlt arra, hogy elm\u00e9lyedjenek a digit\u00e1lis t\u00f6rt\u00e9netmes\u00e9l\u00e9s vil\u00e1g\u00e1ban, egy olyan utaz\u00e1sban, amely \u00f6sszefon\u00f3dott a kreativit\u00e1ssal, a bajt\u00e1rsiass\u00e1ggal \u00e9s a kultur\u00e1lis felfedez\u00e9ssel.Az els\u0151 nap a helysz\u00ednr\u0151l \u00e9s a r\u00e9sztvev\u0151kr\u0151l sz\u00f3lt. Portug\u00e1lia melege egy \u00faj kaland kezdet\u00e9t jelentette. A napot a j\u00e9gt\u00f6r\u0151 tev\u00e9kenys\u00e9geknek, a kapcsolat\u00e9p\u00edt\u00e9s seg\u00edt\u00e9s\u00e9nek, a t\u00f6bbi r\u00e9sztvev\u0151 \u00e9s a var\u00e1zslatos k\u00f6rnyezet megismer\u00e9s\u00e9nek szentelt\u00fck.Ahogy a napfelkelte bevil\u00e1g\u00edtotta a foly\u00f3 melletti \u00e9p\u00fclet terasz\u00e1t, aSEE DETAILS\" \/>\n<meta property=\"og:url\" content=\"https:\/\/www.ata-ro.eu\/hu\/hirek\/ifjusagi-csere-a-digitalis-tortenet-meselesrol-portugaliaban.html\" \/>\n<meta property=\"og:site_name\" content=\"Erd\u00e9lyi Ifj\u00fas\u00e1gi Egyes\u00fclet\" \/>\n<meta property=\"article:published_time\" content=\"2023-09-04T09:46:19+00:00\" \/>\n<meta property=\"article:modified_time\" content=\"2023-09-04T09:49:05+00:00\" \/>\n<meta property=\"og:image\" content=\"https:\/\/www.ata-ro.eu\/wp-content\/uploads\/2023\/09\/3-1.jpeg\" \/>\n\t<meta property=\"og:image:width\" content=\"2048\" \/>\n\t<meta property=\"og:image:height\" content=\"1536\" \/>\n\t<meta property=\"og:image:type\" content=\"image\/jpeg\" \/>\n<meta name=\"twitter:card\" content=\"summary_large_image\" \/>\n<meta name=\"twitter:label1\" content=\"Szerz\u0151:\" \/>\n\t<meta name=\"twitter:data1\" content=\"Nikolas Varga\" \/>\n\t<meta name=\"twitter:label2\" content=\"Becs\u00fclt olvas\u00e1si id\u0151\" \/>\n\t<meta name=\"twitter:data2\" content=\"3 perc\" \/>\n<script type=\"application\/ld+json\" class=\"yoast-schema-graph\">{\"@context\":\"https:\/\/schema.org\",\"@graph\":[{\"@type\":\"WebSite\",\"@id\":\"https:\/\/www.ata-ro.eu\/hu#website\",\"url\":\"https:\/\/www.ata-ro.eu\/hu\",\"name\":\"Erd\u00e9lyi Ifj\u00fas\u00e1gi Egyes\u00fclet\",\"description\":\"\",\"potentialAction\":[{\"@type\":\"SearchAction\",\"target\":{\"@type\":\"EntryPoint\",\"urlTemplate\":\"https:\/\/www.ata-ro.eu\/hu?s={search_term_string}\"},\"query-input\":\"required name=search_term_string\"}],\"inLanguage\":\"hu\"},{\"@type\":\"ImageObject\",\"@id\":\"https:\/\/www.ata-ro.eu\/hu\/hirek\/ifjusagi-csere-a-digitalis-tortenet-meselesrol-portugaliaban.html#primaryimage\",\"inLanguage\":\"hu\",\"url\":\"https:\/\/www.ata-ro.eu\/wp-content\/uploads\/2023\/09\/3-1.jpeg\",\"contentUrl\":\"https:\/\/www.ata-ro.eu\/wp-content\/uploads\/2023\/09\/3-1.jpeg\",\"width\":2048,\"height\":1536},{\"@type\":\"WebPage\",\"@id\":\"https:\/\/www.ata-ro.eu\/hu\/hirek\/ifjusagi-csere-a-digitalis-tortenet-meselesrol-portugaliaban.html#webpage\",\"url\":\"https:\/\/www.ata-ro.eu\/hu\/hirek\/ifjusagi-csere-a-digitalis-tortenet-meselesrol-portugaliaban.html\",\"name\":\"Ifj\u00fas\u00e1gi csere a digit\u00e1lis t\u00f6rt\u00e9net mes\u00e9l\u00e9sr\u0151l Portug\u00e1li\u00e1ban - Erd\u00e9lyi Ifj\u00fas\u00e1gi Egyes\u00fclet\",\"isPartOf\":{\"@id\":\"https:\/\/www.ata-ro.eu\/hu#website\"},\"primaryImageOfPage\":{\"@id\":\"https:\/\/www.ata-ro.eu\/hu\/hirek\/ifjusagi-csere-a-digitalis-tortenet-meselesrol-portugaliaban.html#primaryimage\"},\"datePublished\":\"2023-09-04T09:46:19+00:00\",\"dateModified\":\"2023-09-04T09:49:05+00:00\",\"author\":{\"@id\":\"https:\/\/www.ata-ro.eu\/hu#\/schema\/person\/9d7b7eadd924f769b322bbc53397837e\"},\"breadcrumb\":{\"@id\":\"https:\/\/www.ata-ro.eu\/hu\/hirek\/ifjusagi-csere-a-digitalis-tortenet-meselesrol-portugaliaban.html#breadcrumb\"},\"inLanguage\":\"hu\",\"potentialAction\":[{\"@type\":\"ReadAction\",\"target\":[\"https:\/\/www.ata-ro.eu\/hu\/hirek\/ifjusagi-csere-a-digitalis-tortenet-meselesrol-portugaliaban.html\"]}]},{\"@type\":\"BreadcrumbList\",\"@id\":\"https:\/\/www.ata-ro.eu\/hu\/hirek\/ifjusagi-csere-a-digitalis-tortenet-meselesrol-portugaliaban.html#breadcrumb\",\"itemListElement\":[{\"@type\":\"ListItem\",\"position\":1,\"name\":\"Home\",\"item\":\"https:\/\/www.ata-ro.eu\/hu\"},{\"@type\":\"ListItem\",\"position\":2,\"name\":\"Ifj\u00fas\u00e1gi csere a digit\u00e1lis t\u00f6rt\u00e9net mes\u00e9l\u00e9sr\u0151l Portug\u00e1li\u00e1ban\"}]},{\"@type\":\"Person\",\"@id\":\"https:\/\/www.ata-ro.eu\/hu#\/schema\/person\/9d7b7eadd924f769b322bbc53397837e\",\"name\":\"Nikolas Varga\",\"image\":{\"@type\":\"ImageObject\",\"@id\":\"https:\/\/www.ata-ro.eu\/hu#personlogo\",\"inLanguage\":\"hu\",\"url\":\"https:\/\/secure.gravatar.com\/avatar\/9ddca73acde253dfda6181d8c8b53858?s=96&d=mm&r=g\",\"contentUrl\":\"https:\/\/secure.gravatar.com\/avatar\/9ddca73acde253dfda6181d8c8b53858?s=96&d=mm&r=g\",\"caption\":\"Nikolas Varga\"},\"url\":\"https:\/\/www.ata-ro.eu\/hu\/author\/nikolas\"}]}<\/script>\n<!-- \/ Yoast SEO plugin. -->","yoast_head_json":{"title":"Ifj\u00fas\u00e1gi csere a digit\u00e1lis t\u00f6rt\u00e9net mes\u00e9l\u00e9sr\u0151l Portug\u00e1li\u00e1ban - Erd\u00e9lyi Ifj\u00fas\u00e1gi Egyes\u00fclet","robots":{"index":"index","follow":"follow","max-snippet":"max-snippet:-1","max-image-preview":"max-image-preview:large","max-video-preview":"max-video-preview:-1"},"canonical":"https:\/\/www.ata-ro.eu\/hu\/hirek\/ifjusagi-csere-a-digitalis-tortenet-meselesrol-portugaliaban.html","og_locale":"hu_HU","og_type":"article","og_title":"Ifj\u00fas\u00e1gi csere a digit\u00e1lis t\u00f6rt\u00e9net mes\u00e9l\u00e9sr\u0151l Portug\u00e1li\u00e1ban - Erd\u00e9lyi Ifj\u00fas\u00e1gi Egyes\u00fclet","og_description":"Hat f\u0151s kis csapatunk ell\u00e1togatott a fest\u0151i Amarante v\u00e1ros\u00e1ba, Portug\u00e1li\u00e1ba, hogy r\u00e9szt vegyen egy egyed\u00fcl\u00e1ll\u00f3 \u00e9s mag\u00e1val ragad\u00f3 programon, amely \u00f6t k\u00fcl\u00f6nb\u00f6z\u0151 orsz\u00e1got hozott \u00f6ssze. A r\u00e9sztvev\u0151knek lehet\u0151s\u00e9g\u00fck ny\u00edlt arra, hogy elm\u00e9lyedjenek a digit\u00e1lis t\u00f6rt\u00e9netmes\u00e9l\u00e9s vil\u00e1g\u00e1ban, egy olyan utaz\u00e1sban, amely \u00f6sszefon\u00f3dott a kreativit\u00e1ssal, a bajt\u00e1rsiass\u00e1ggal \u00e9s a kultur\u00e1lis felfedez\u00e9ssel.Az els\u0151 nap a helysz\u00ednr\u0151l \u00e9s a r\u00e9sztvev\u0151kr\u0151l sz\u00f3lt. Portug\u00e1lia melege egy \u00faj kaland kezdet\u00e9t jelentette. A napot a j\u00e9gt\u00f6r\u0151 tev\u00e9kenys\u00e9geknek, a kapcsolat\u00e9p\u00edt\u00e9s seg\u00edt\u00e9s\u00e9nek, a t\u00f6bbi r\u00e9sztvev\u0151 \u00e9s a var\u00e1zslatos k\u00f6rnyezet megismer\u00e9s\u00e9nek szentelt\u00fck.Ahogy a napfelkelte bevil\u00e1g\u00edtotta a foly\u00f3 melletti \u00e9p\u00fclet terasz\u00e1t, aSEE DETAILS","og_url":"https:\/\/www.ata-ro.eu\/hu\/hirek\/ifjusagi-csere-a-digitalis-tortenet-meselesrol-portugaliaban.html","og_site_name":"Erd\u00e9lyi Ifj\u00fas\u00e1gi Egyes\u00fclet","article_published_time":"2023-09-04T09:46:19+00:00","article_modified_time":"2023-09-04T09:49:05+00:00","og_image":[{"width":2048,"height":1536,"url":"https:\/\/www.ata-ro.eu\/wp-content\/uploads\/2023\/09\/3-1.jpeg","type":"image\/jpeg"}],"twitter_card":"summary_large_image","twitter_misc":{"Szerz\u0151:":"Nikolas Varga","Becs\u00fclt olvas\u00e1si id\u0151":"3 perc"},"schema":{"@context":"https:\/\/schema.org","@graph":[{"@type":"WebSite","@id":"https:\/\/www.ata-ro.eu\/hu#website","url":"https:\/\/www.ata-ro.eu\/hu","name":"Erd\u00e9lyi Ifj\u00fas\u00e1gi Egyes\u00fclet","description":"","potentialAction":[{"@type":"SearchAction","target":{"@type":"EntryPoint","urlTemplate":"https:\/\/www.ata-ro.eu\/hu?s={search_term_string}"},"query-input":"required name=search_term_string"}],"inLanguage":"hu"},{"@type":"ImageObject","@id":"https:\/\/www.ata-ro.eu\/hu\/hirek\/ifjusagi-csere-a-digitalis-tortenet-meselesrol-portugaliaban.html#primaryimage","inLanguage":"hu","url":"https:\/\/www.ata-ro.eu\/wp-content\/uploads\/2023\/09\/3-1.jpeg","contentUrl":"https:\/\/www.ata-ro.eu\/wp-content\/uploads\/2023\/09\/3-1.jpeg","width":2048,"height":1536},{"@type":"WebPage","@id":"https:\/\/www.ata-ro.eu\/hu\/hirek\/ifjusagi-csere-a-digitalis-tortenet-meselesrol-portugaliaban.html#webpage","url":"https:\/\/www.ata-ro.eu\/hu\/hirek\/ifjusagi-csere-a-digitalis-tortenet-meselesrol-portugaliaban.html","name":"Ifj\u00fas\u00e1gi csere a digit\u00e1lis t\u00f6rt\u00e9net mes\u00e9l\u00e9sr\u0151l Portug\u00e1li\u00e1ban - Erd\u00e9lyi Ifj\u00fas\u00e1gi Egyes\u00fclet","isPartOf":{"@id":"https:\/\/www.ata-ro.eu\/hu#website"},"primaryImageOfPage":{"@id":"https:\/\/www.ata-ro.eu\/hu\/hirek\/ifjusagi-csere-a-digitalis-tortenet-meselesrol-portugaliaban.html#primaryimage"},"datePublished":"2023-09-04T09:46:19+00:00","dateModified":"2023-09-04T09:49:05+00:00","author":{"@id":"https:\/\/www.ata-ro.eu\/hu#\/schema\/person\/9d7b7eadd924f769b322bbc53397837e"},"breadcrumb":{"@id":"https:\/\/www.ata-ro.eu\/hu\/hirek\/ifjusagi-csere-a-digitalis-tortenet-meselesrol-portugaliaban.html#breadcrumb"},"inLanguage":"hu","potentialAction":[{"@type":"ReadAction","target":["https:\/\/www.ata-ro.eu\/hu\/hirek\/ifjusagi-csere-a-digitalis-tortenet-meselesrol-portugaliaban.html"]}]},{"@type":"BreadcrumbList","@id":"https:\/\/www.ata-ro.eu\/hu\/hirek\/ifjusagi-csere-a-digitalis-tortenet-meselesrol-portugaliaban.html#breadcrumb","itemListElement":[{"@type":"ListItem","position":1,"name":"Home","item":"https:\/\/www.ata-ro.eu\/hu"},{"@type":"ListItem","position":2,"name":"Ifj\u00fas\u00e1gi csere a digit\u00e1lis t\u00f6rt\u00e9net mes\u00e9l\u00e9sr\u0151l Portug\u00e1li\u00e1ban"}]},{"@type":"Person","@id":"https:\/\/www.ata-ro.eu\/hu#\/schema\/person\/9d7b7eadd924f769b322bbc53397837e","name":"Nikolas Varga","image":{"@type":"ImageObject","@id":"https:\/\/www.ata-ro.eu\/hu#personlogo","inLanguage":"hu","url":"https:\/\/secure.gravatar.com\/avatar\/9ddca73acde253dfda6181d8c8b53858?s=96&d=mm&r=g","contentUrl":"https:\/\/secure.gravatar.com\/avatar\/9ddca73acde253dfda6181d8c8b53858?s=96&d=mm&r=g","caption":"Nikolas Varga"},"url":"https:\/\/www.ata-ro.eu\/hu\/author\/nikolas"}]}},"_links":{"self":[{"href":"https:\/\/www.ata-ro.eu\/hu\/wp-json\/wp\/v2\/posts\/9686"}],"collection":[{"href":"https:\/\/www.ata-ro.eu\/hu\/wp-json\/wp\/v2\/posts"}],"about":[{"href":"https:\/\/www.ata-ro.eu\/hu\/wp-json\/wp\/v2\/types\/post"}],"author":[{"embeddable":true,"href":"https:\/\/www.ata-ro.eu\/hu\/wp-json\/wp\/v2\/users\/6"}],"replies":[{"embeddable":true,"href":"https:\/\/www.ata-ro.eu\/hu\/wp-json\/wp\/v2\/comments?post=9686"}],"version-history":[{"count":5,"href":"https:\/\/www.ata-ro.eu\/hu\/wp-json\/wp\/v2\/posts\/9686\/revisions"}],"predecessor-version":[{"id":9708,"href":"https:\/\/www.ata-ro.eu\/hu\/wp-json\/wp\/v2\/posts\/9686\/revisions\/9708"}],"wp:featuredmedia":[{"embeddable":true,"href":"https:\/\/www.ata-ro.eu\/hu\/wp-json\/wp\/v2\/media\/9690"}],"wp:attachment":[{"href":"https:\/\/www.ata-ro.eu\/hu\/wp-json\/wp\/v2\/media?parent=9686"}],"wp:term":[{"taxonomy":"category","embeddable":true,"href":"https:\/\/www.ata-ro.eu\/hu\/wp-json\/wp\/v2\/categories?post=9686"},{"taxonomy":"post_tag","embeddable":true,"href":"https:\/\/www.ata-ro.eu\/hu\/wp-json\/wp\/v2\/tags?post=9686"}],"curies":[{"name":"wp","href":"https:\/\/api.w.org\/{rel}","templated":true}]}}