{"id":9998,"date":"2023-11-16T10:34:10","date_gmt":"2023-11-16T08:34:10","guid":{"rendered":"https:\/\/www.ata-ro.eu\/?p=9998"},"modified":"2023-11-16T10:37:36","modified_gmt":"2023-11-16T08:37:36","slug":"partnersegi-kepzes-en-mint-vezeto-cimen-athenban-gorogorszagban","status":"publish","type":"post","link":"https:\/\/www.ata-ro.eu\/hu\/hirek\/partnersegi-kepzes-en-mint-vezeto-cimen-athenban-gorogorszagban.html","title":{"rendered":"Partners\u00e9gi k\u00e9pz\u00e9s \u201e\u00c9n, mint vezet\u0151\u201d c\u00edmen Ath\u00e9nban, G\u00f6r\u00f6gorsz\u00e1gban"},"content":{"rendered":"<p><strong>B\u00e1tors\u00e1g\u00e1t \u00f6sszeszedve egyed\u00fcl v\u00e1gott neki leg\u00fajabb munkat\u00e1rsunk, Gabriella az \u00f3kori g\u00f6r\u00f6g \u00e9p\u00edtm\u00e9nyek\u00a0 v\u00e1ros\u00e1nak, hogy a You In Europe partner\u00fcnk \u00e1ltal szervezett tov\u00e1bbk\u00e9pz\u0151 sor\u00e1n felfedezze a benne rejl\u0151 vezet\u0151t, er\u0151ss\u00e9geinek \u00e9s hi\u00e1nyoss\u00e1gainak m\u00e9rt\u00e9k\u00e9t, illetve azok fejleszt\u00e9s\u00e9re \u00fajabb m\u00f3dszereket gy\u0171jts\u00f6n fejl\u0151d\u00e9se c\u00e9lj\u00e1b\u00f3l.<br \/><br \/><\/strong><\/p><p><img loading=\"lazy\" class=\"aligncenter size-large wp-image-9999\" src=\"https:\/\/www.ata-ro.eu\/wp-content\/uploads\/2023\/11\/IMG-20231106-WA0036-1024x768.jpg\" alt=\"\" width=\"1024\" height=\"768\" srcset=\"https:\/\/www.ata-ro.eu\/wp-content\/uploads\/2023\/11\/IMG-20231106-WA0036-1024x768.jpg 1024w, https:\/\/www.ata-ro.eu\/wp-content\/uploads\/2023\/11\/IMG-20231106-WA0036-300x225.jpg 300w, https:\/\/www.ata-ro.eu\/wp-content\/uploads\/2023\/11\/IMG-20231106-WA0036-768x576.jpg 768w, https:\/\/www.ata-ro.eu\/wp-content\/uploads\/2023\/11\/IMG-20231106-WA0036-733x550.jpg 733w, https:\/\/www.ata-ro.eu\/wp-content\/uploads\/2023\/11\/IMG-20231106-WA0036-80x60.jpg 80w, https:\/\/www.ata-ro.eu\/wp-content\/uploads\/2023\/11\/IMG-20231106-WA0036-80x60@2x.jpg 160w, https:\/\/www.ata-ro.eu\/wp-content\/uploads\/2023\/11\/IMG-20231106-WA0036.jpg 1280w\" sizes=\"(max-width: 1024px) 100vw, 1024px\" \/><\/p><p><br \/>\u201eM\u00e1r az utaz\u00e1s sor\u00e1n v\u00e9letlen tal\u00e1lkoz\u00e1s hozott \u00f6ssze egy m\u00e1sik r\u00e9sztvev\u0151vel, amelyet egy egyedi mint\u00e1j\u00fa nadr\u00e1gnak k\u00f6sz\u00f6nhett\u00fcnk, ugyanis m\u00e1r a bukaresti rep\u00fcl\u0151t\u00e9ren felt\u0171nt a Spanyolorsz\u00e1gb\u00f3l \u00e9rkez\u0151 bulg\u00e1r nemzetis\u00e9g\u0171 r\u00e9sztvev\u0151 \u00f6lt\u00f6zk\u00f6d\u00e9si st\u00edlusa, amely az \u00fat k\u00f6l\u00fcnb\u00f6z\u0151 pontjain v\u00e9gig elk\u00eds\u00e9rt, m\u00edg Ath\u00e9n egyik buszmeg\u00e1ll\u00f3j\u00e1ban meg nem bizonyosodtam, hogy val\u00f3sz\u00edn\u0171leg ugyanoda tartunk, ebb\u0151l kifoly\u00f3lag pedig besz\u00e9lget\u00e9st kezdem\u00e9nyeztem.<br \/><br \/><\/p><p>\u00cdgy kezd\u0151d\u00f6tt el sz\u00e1mos, tal\u00e1n \u00e9letre sz\u00f3l\u00f3 bar\u00e1ts\u00e1gaim k\u00f6ttet\u00e9se.<br \/><br \/><\/p><p><img loading=\"lazy\" class=\"aligncenter size-large wp-image-10002\" src=\"https:\/\/www.ata-ro.eu\/wp-content\/uploads\/2023\/11\/WYJ_20231109_113027-576x1024.jpg\" alt=\"\" width=\"576\" height=\"1024\" srcset=\"https:\/\/www.ata-ro.eu\/wp-content\/uploads\/2023\/11\/WYJ_20231109_113027-576x1024.jpg 576w, https:\/\/www.ata-ro.eu\/wp-content\/uploads\/2023\/11\/WYJ_20231109_113027-169x300.jpg 169w, https:\/\/www.ata-ro.eu\/wp-content\/uploads\/2023\/11\/WYJ_20231109_113027-768x1365.jpg 768w, https:\/\/www.ata-ro.eu\/wp-content\/uploads\/2023\/11\/WYJ_20231109_113027-864x1536.jpg 864w, https:\/\/www.ata-ro.eu\/wp-content\/uploads\/2023\/11\/WYJ_20231109_113027-1152x2048.jpg 1152w, https:\/\/www.ata-ro.eu\/wp-content\/uploads\/2023\/11\/WYJ_20231109_113027-309x550.jpg 309w, https:\/\/www.ata-ro.eu\/wp-content\/uploads\/2023\/11\/WYJ_20231109_113027-309x550@2x.jpg 619w, https:\/\/www.ata-ro.eu\/wp-content\/uploads\/2023\/11\/WYJ_20231109_113027-scaled.jpg 1440w\" sizes=\"(max-width: 576px) 100vw, 576px\" \/><\/p><p><br \/>Els\u0151 este m\u00e1r majdnem mindenki meg\u00e9rkezett vacsor\u00e1ra, amely ut\u00e1n egy kisebb besz\u00e9lget\u00e9s alakult ki a r\u00e9sztvev\u0151k k\u00f6z\u00f6tt. Sz\u00e9kely, azaz rom\u00e1niai magyar mivoltom egy\u00e1ltal\u00e1n nem volt furcsa vagy bonyolult, ugyanis egy igaz\u00e1n nemzetk\u00f6zi t\u00e1rsas\u00e1g gy\u0171lt \u00f6ssze hivatalosan 12, etnikumukat tekintve viszont enn\u00e9l is t\u00f6bb orsz\u00e1g k\u00e9pviselet\u00e9ben. \u00c9rkezett spanyol anyanyelv\u0171 r\u00e9sztvev\u0151 Franciaorsz\u00e1got k\u00e9pviselve, Ausztria sz\u00edneiben horv\u00e1t \u00e9s argent\u00edn tagok, de ak\u00e1r eml\u00edthetn\u00e9m ism\u00e9t bar\u00e1tomat, aki Bulg\u00e1ri\u00e1ban sz\u00fcletett, viszont most Spanyolorsz\u00e1gban dolgozik. \u00dagy gondolom a gazdagon tark\u00edtott h\u00e1tt\u00e9r szoros kapcsolatot hozott l\u00e9tre mindenki k\u00f6zt m\u00e1r az els\u0151 pillanatt\u00f3l kezdve.<br \/><br \/><\/p><p>A k\u00e9pz\u00e9s els\u0151 hivatalos napja term\u00e9szetesen az ismerked\u00e9sen, nevek \u00e9s szem\u00e9lyek megjegyz\u00e9s\u00e9n, a program szab\u00e1lyzat\u00e1nak, illetve a r\u00e9sztvev\u0151k f\u00e9lelmeinek, k\u00e9r\u00e9seinek \u00e9s hozz\u00e1j\u00e1rul\u00e1s\u00e1nak \u00e1tbesz\u00e9l\u00e9s\u00e9n volt a hangs\u00faly, amelyet a YouthPass non-form\u00e1lis tev\u00e9kenys\u00e9gek \u00e1ltal kivitelezett ismertet\u00e9se k\u00f6vetett.<\/p><p><img loading=\"lazy\" class=\"aligncenter size-large wp-image-10005\" src=\"https:\/\/www.ata-ro.eu\/wp-content\/uploads\/2023\/11\/WYJ_20231105_102115-576x1024.jpg\" alt=\"\" width=\"576\" height=\"1024\" srcset=\"https:\/\/www.ata-ro.eu\/wp-content\/uploads\/2023\/11\/WYJ_20231105_102115-576x1024.jpg 576w, https:\/\/www.ata-ro.eu\/wp-content\/uploads\/2023\/11\/WYJ_20231105_102115-169x300.jpg 169w, https:\/\/www.ata-ro.eu\/wp-content\/uploads\/2023\/11\/WYJ_20231105_102115-768x1365.jpg 768w, https:\/\/www.ata-ro.eu\/wp-content\/uploads\/2023\/11\/WYJ_20231105_102115-864x1536.jpg 864w, https:\/\/www.ata-ro.eu\/wp-content\/uploads\/2023\/11\/WYJ_20231105_102115-1152x2048.jpg 1152w, https:\/\/www.ata-ro.eu\/wp-content\/uploads\/2023\/11\/WYJ_20231105_102115-309x550.jpg 309w, https:\/\/www.ata-ro.eu\/wp-content\/uploads\/2023\/11\/WYJ_20231105_102115-309x550@2x.jpg 619w, https:\/\/www.ata-ro.eu\/wp-content\/uploads\/2023\/11\/WYJ_20231105_102115-scaled.jpg 1440w\" sizes=\"(max-width: 576px) 100vw, 576px\" \/><\/p><p><br \/>M\u00e1sodik napra virradva teljes er\u0151bedob\u00e1ssal belevetett\u00fck magunkat a vezet\u0151i k\u00e9szs\u00e9gek \u00e9s t\u00edpusok felt\u00e9rk\u00e9pez\u00e9s\u00e9be. A csapatfeladatok sor\u00e1n a k\u00fcl\u00f6nb\u00f6z\u0151 st\u00edlusok r\u00f6vid sz\u00edndarabban val\u00f3 megjelen\u00edt\u00e9se ut\u00e1n egy t\u00f6rt\u00e9net f\u0151h\u0151seinek viselked\u00e9s\u00e9t elemezt\u00fck ki a vezet\u0151 \u00f6t kulcskompetencia szemsz\u00f6g\u00e9b\u0151l, amely arra a k\u00f6vetkeztet\u00e9sre vezetett minket, hogy lehet\u00fcnk ak\u00e1r sz\u00fcletett vezet\u0151k, ak\u00e1r csup\u00e1n kezd\u0151k, senki sem t\u00f6k\u00e9letes, illetve mindenki fejl\u0151dhet.<br \/><br \/><img loading=\"lazy\" class=\"aligncenter size-large wp-image-10014\" src=\"https:\/\/www.ata-ro.eu\/wp-content\/uploads\/2023\/11\/IMG-20231106-WA0004-1024x577.jpg\" alt=\"\" width=\"1024\" height=\"577\" srcset=\"https:\/\/www.ata-ro.eu\/wp-content\/uploads\/2023\/11\/IMG-20231106-WA0004-1024x577.jpg 1024w, https:\/\/www.ata-ro.eu\/wp-content\/uploads\/2023\/11\/IMG-20231106-WA0004-300x169.jpg 300w, https:\/\/www.ata-ro.eu\/wp-content\/uploads\/2023\/11\/IMG-20231106-WA0004-768x432.jpg 768w, https:\/\/www.ata-ro.eu\/wp-content\/uploads\/2023\/11\/IMG-20231106-WA0004-1536x865.jpg 1536w, https:\/\/www.ata-ro.eu\/wp-content\/uploads\/2023\/11\/IMG-20231106-WA0004-977x550.jpg 977w, https:\/\/www.ata-ro.eu\/wp-content\/uploads\/2023\/11\/IMG-20231106-WA0004-977x550@2x.jpg 1954w, https:\/\/www.ata-ro.eu\/wp-content\/uploads\/2023\/11\/IMG-20231106-WA0004.jpg 2048w\" sizes=\"(max-width: 1024px) 100vw, 1024px\" \/><\/p><p><br \/>A harmadik nap igen sz\u00ednes palett\u00e1t mutatott, ugyanis a tev\u00e9kenys\u00e9gek sor\u00e1n forgattunk rekl\u00e1mot, a csapatform\u00e1l\u00e1s egyes l\u00e9p\u00e9seivel a szabadban ismerkedt\u00fcnk meg, majd eb\u00e9d ut\u00e1n a kommunik\u00e1ci\u00f3s k\u00e9szs\u00e9g fontoss\u00e1g\u00e1r\u00f3l, m\u0171vel\u00e9si technik\u00e1ir\u00f3l tanultunk. Az egyik feladat sor\u00e1n, b\u00e1r humorosan, de hatalmas bonyodalmakat okozott a csapattagok kultur\u00e1lis diverzit\u00e1sa, ugyanis n\u00e9h\u00e1nyan csup\u00e1n saj\u00e1t anyanyelv\u00fck\u00f6n besz\u00e9lhettek egym\u00e1ssal, amely egy picit megnehez\u00edtette a k\u00f6z\u00f6s munk\u00e1t, viszont a v\u00e9g\u00e9n ennek ellen\u00e9re is mindenki sikeresen teljes\u00edtette a feladatot.<br \/><br \/><\/p><p><img loading=\"lazy\" class=\"aligncenter size-large wp-image-10008\" src=\"https:\/\/www.ata-ro.eu\/wp-content\/uploads\/2023\/11\/IMG-20231106-WA0022-1024x768.jpg\" alt=\"\" width=\"1024\" height=\"768\" srcset=\"https:\/\/www.ata-ro.eu\/wp-content\/uploads\/2023\/11\/IMG-20231106-WA0022-1024x768.jpg 1024w, https:\/\/www.ata-ro.eu\/wp-content\/uploads\/2023\/11\/IMG-20231106-WA0022-300x225.jpg 300w, https:\/\/www.ata-ro.eu\/wp-content\/uploads\/2023\/11\/IMG-20231106-WA0022-768x576.jpg 768w, https:\/\/www.ata-ro.eu\/wp-content\/uploads\/2023\/11\/IMG-20231106-WA0022-1536x1152.jpg 1536w, https:\/\/www.ata-ro.eu\/wp-content\/uploads\/2023\/11\/IMG-20231106-WA0022-733x550.jpg 733w, https:\/\/www.ata-ro.eu\/wp-content\/uploads\/2023\/11\/IMG-20231106-WA0022-733x550@2x.jpg 1467w, https:\/\/www.ata-ro.eu\/wp-content\/uploads\/2023\/11\/IMG-20231106-WA0022-80x60.jpg 80w, https:\/\/www.ata-ro.eu\/wp-content\/uploads\/2023\/11\/IMG-20231106-WA0022-80x60@2x.jpg 160w, https:\/\/www.ata-ro.eu\/wp-content\/uploads\/2023\/11\/IMG-20231106-WA0022.jpg 1600w\" sizes=\"(max-width: 1024px) 100vw, 1024px\" \/><\/p><p><br \/>A k\u00e9pz\u00e9s negyedik napj\u00e1n a komolyabb tematik\u00e1kat, a SWOT \u00e9s a PEST(EL) anal\u00edziseket boncolgattuk, illetve a csapatban t\u00f6rt\u00e9n\u0151 v\u00e1ltoz\u00e1sok \u00e9s konfliktusok kezel\u00e9s\u00e9nek m\u00f3dszereit elemezt\u00fck ki. Egy sz\u00e1momra igen \u00e9rdekes feladat a k\u00e9rd\u00e9sek erej\u00e9nek meg\u00e9rt\u00e9s\u00e9ben k\u00edv\u00e1nt seg\u00edteni, amikoris a bevezet\u0151 z\u00e1rt, ny\u00edlt \u00e9s perspekt\u00edvav\u00e1lt\u00f3 k\u00e9rd\u00e9sek meg\u00e9rt\u00e9se ut\u00e1n egy titokzatos alak kil\u00e9t\u00e9t kellett felfedn\u00fcnk alaposan \u00e1tgondolt m\u00f3don megfogalmazott k\u00e9rd\u00e9sek feltev\u00e9se r\u00e9v\u00e9n.<br \/><br \/><\/p><p>El\u00e9rkezve az utols\u00f3 naphoz egy igaz\u00e1n vezet\u0151 vend\u00e9gel\u0151ad\u00f3t fogadtunk, aki a Save the Hood k\u00f6rnyezetv\u00e9delmi kezdem\u00e9nyez\u00e9s kital\u00e1l\u00f3jak\u00e9nt bemutatta tev\u00e9kenys\u00e9g\u00fcket G\u00f6r\u00f6gorsz\u00e1g tengerpartjain, illetve a t\u00f6bbezer \u00f6nk\u00e9ntesekkel val\u00f3 munkafolyamat olajozottan m\u0171k\u00f6d\u0151 rendszer\u00e9nek titk\u00e1t is felfedte el\u0151tt\u00fcnk.<br \/><br \/><\/p><p><img loading=\"lazy\" class=\"aligncenter size-large wp-image-10011\" src=\"https:\/\/www.ata-ro.eu\/wp-content\/uploads\/2023\/11\/WYJ_20231109_120008-576x1024.jpg\" alt=\"\" width=\"576\" height=\"1024\" srcset=\"https:\/\/www.ata-ro.eu\/wp-content\/uploads\/2023\/11\/WYJ_20231109_120008-576x1024.jpg 576w, https:\/\/www.ata-ro.eu\/wp-content\/uploads\/2023\/11\/WYJ_20231109_120008-169x300.jpg 169w, https:\/\/www.ata-ro.eu\/wp-content\/uploads\/2023\/11\/WYJ_20231109_120008-768x1365.jpg 768w, https:\/\/www.ata-ro.eu\/wp-content\/uploads\/2023\/11\/WYJ_20231109_120008-864x1536.jpg 864w, https:\/\/www.ata-ro.eu\/wp-content\/uploads\/2023\/11\/WYJ_20231109_120008-1152x2048.jpg 1152w, https:\/\/www.ata-ro.eu\/wp-content\/uploads\/2023\/11\/WYJ_20231109_120008-309x550.jpg 309w, https:\/\/www.ata-ro.eu\/wp-content\/uploads\/2023\/11\/WYJ_20231109_120008-309x550@2x.jpg 619w, https:\/\/www.ata-ro.eu\/wp-content\/uploads\/2023\/11\/WYJ_20231109_120008-scaled.jpg 1440w\" sizes=\"(max-width: 576px) 100vw, 576px\" \/><\/p><p><br \/>Tev\u00e9kenys\u00e9geink lez\u00e1r\u00e1sak\u00e9nt az \u00e9rzelmek ker\u00fcltek el\u0151t\u00e9rbe, amikor a ki\u00e9rt\u00e9kel\u0151 sor\u00e1n mindenki megisztotta gondolatait, \u00e9rz\u00e9seit a h\u00e9ttel kapcsolatosan. Szem\u00e9ly szerint egy hatalmas lehet\u0151s\u00e9g volt ism\u00e9t egyed\u00fcl felfedezni a vil\u00e1got \u00e9s \u00f6nmagamat, amely b\u00e1r akad\u00e1lyok sorozat\u00e1t is jelentheti, \u00fagy \u00e9rzem siker\u00fclt helyt \u00e1llnom. A k\u00e9pz\u00e9sr\u0151l a r\u00e9sztvev\u0151kkel k\u00f6t\u00f6tt bar\u00e1ts\u00e1gok mellett rengeteg \u00e9lm\u00e9nnyel \u00e9s ismerettel t\u00e9rtem haza, amelyet a j\u00f6v\u0151ben biztosan kamatoztatni fogok az ATA-n\u00e1l val\u00f3 munk\u00e1m sor\u00e1n.\u201d<br \/><br \/><img loading=\"lazy\" class=\"aligncenter size-large wp-image-10017\" src=\"https:\/\/www.ata-ro.eu\/wp-content\/uploads\/2023\/11\/WYJ_20231109_150410-1024x576.jpg\" alt=\"\" width=\"1024\" height=\"576\" srcset=\"https:\/\/www.ata-ro.eu\/wp-content\/uploads\/2023\/11\/WYJ_20231109_150410-1024x576.jpg 1024w, https:\/\/www.ata-ro.eu\/wp-content\/uploads\/2023\/11\/WYJ_20231109_150410-300x169.jpg 300w, https:\/\/www.ata-ro.eu\/wp-content\/uploads\/2023\/11\/WYJ_20231109_150410-768x432.jpg 768w, https:\/\/www.ata-ro.eu\/wp-content\/uploads\/2023\/11\/WYJ_20231109_150410-1536x864.jpg 1536w, https:\/\/www.ata-ro.eu\/wp-content\/uploads\/2023\/11\/WYJ_20231109_150410-2048x1152.jpg 2048w, https:\/\/www.ata-ro.eu\/wp-content\/uploads\/2023\/11\/WYJ_20231109_150410-978x550.jpg 978w, https:\/\/www.ata-ro.eu\/wp-content\/uploads\/2023\/11\/WYJ_20231109_150410-978x550@2x.jpg 1956w\" sizes=\"(max-width: 1024px) 100vw, 1024px\" \/> <img loading=\"lazy\" class=\"aligncenter size-large wp-image-10020\" src=\"https:\/\/www.ata-ro.eu\/wp-content\/uploads\/2023\/11\/7-1024x576.jpg\" alt=\"\" width=\"1024\" height=\"576\" srcset=\"https:\/\/www.ata-ro.eu\/wp-content\/uploads\/2023\/11\/7-1024x576.jpg 1024w, https:\/\/www.ata-ro.eu\/wp-content\/uploads\/2023\/11\/7-300x169.jpg 300w, https:\/\/www.ata-ro.eu\/wp-content\/uploads\/2023\/11\/7-768x432.jpg 768w, https:\/\/www.ata-ro.eu\/wp-content\/uploads\/2023\/11\/7-1536x864.jpg 1536w, https:\/\/www.ata-ro.eu\/wp-content\/uploads\/2023\/11\/7-2048x1152.jpg 2048w, https:\/\/www.ata-ro.eu\/wp-content\/uploads\/2023\/11\/7-978x550.jpg 978w, https:\/\/www.ata-ro.eu\/wp-content\/uploads\/2023\/11\/7-978x550@2x.jpg 1956w\" sizes=\"(max-width: 1024px) 100vw, 1024px\" \/><\/p>","protected":false},"excerpt":{"rendered":"<p>B\u00e1tors\u00e1g\u00e1t \u00f6sszeszedve egyed\u00fcl v\u00e1gott neki leg\u00fajabb munkat\u00e1rsunk, Gabriella az \u00f3kori g\u00f6r\u00f6g \u00e9p\u00edtm\u00e9nyek\u00a0 v\u00e1ros\u00e1nak, hogy a You In Europe partner\u00fcnk \u00e1ltal szervezett tov\u00e1bbk\u00e9pz\u0151 sor\u00e1n felfedezze a benne rejl\u0151 vezet\u0151t, er\u0151ss\u00e9geinek \u00e9s hi\u00e1nyoss\u00e1gainak m\u00e9rt\u00e9k\u00e9t, illetve azok fejleszt\u00e9s\u00e9re \u00fajabb m\u00f3dszereket gy\u0171jts\u00f6n fejl\u0151d\u00e9se c\u00e9lj\u00e1b\u00f3l.\u201eM\u00e1r az utaz\u00e1s sor\u00e1n v\u00e9letlen tal\u00e1lkoz\u00e1s hozott \u00f6ssze egy m\u00e1sik r\u00e9sztvev\u0151vel, amelyet egy egyedi mint\u00e1j\u00fa nadr\u00e1gnak k\u00f6sz\u00f6nhett\u00fcnk, ugyanis m\u00e1r a bukaresti rep\u00fcl\u0151t\u00e9ren felt\u0171nt a Spanyolorsz\u00e1gb\u00f3l \u00e9rkez\u0151 bulg\u00e1r nemzetis\u00e9g\u0171 r\u00e9sztvev\u0151 \u00f6lt\u00f6zk\u00f6d\u00e9si st\u00edlusa, amely az \u00fat k\u00f6l\u00fcnb\u00f6z\u0151 pontjain v\u00e9gig elk\u00eds\u00e9rt, m\u00edg Ath\u00e9n egyik buszmeg\u00e1ll\u00f3j\u00e1ban meg nem bizonyosodtam, hogy val\u00f3sz\u00edn\u0171leg ugyanoda tartunk, ebb\u0151l kifoly\u00f3lag<a class=\"more-link\" href=\"https:\/\/www.ata-ro.eu\/hu\/hirek\/partnersegi-kepzes-en-mint-vezeto-cimen-athenban-gorogorszagban.html\">SEE DETAILS <span class=\"more-link-image\"><\/span><span class=\"more-link-hover-image\"><\/span><\/a><\/p>\n","protected":false},"author":1,"featured_media":10023,"comment_status":"closed","ping_status":"closed","sticky":false,"template":"","format":"standard","meta":{"_links_to":"","_links_to_target":""},"categories":[213],"tags":[],"yoast_head":"<!-- This site is optimized with the Yoast SEO plugin v18.2 - https:\/\/yoast.com\/wordpress\/plugins\/seo\/ -->\n<title>Partners\u00e9gi k\u00e9pz\u00e9s \u201e\u00c9n, mint vezet\u0151\u201d c\u00edmen Ath\u00e9nban, G\u00f6r\u00f6gorsz\u00e1gban - Erd\u00e9lyi Ifj\u00fas\u00e1gi Egyes\u00fclet<\/title>\n<meta name=\"robots\" content=\"index, follow, max-snippet:-1, max-image-preview:large, max-video-preview:-1\" \/>\n<link rel=\"canonical\" href=\"https:\/\/www.ata-ro.eu\/hu\/hirek\/partnersegi-kepzes-en-mint-vezeto-cimen-athenban-gorogorszagban.html\" \/>\n<meta property=\"og:locale\" content=\"hu_HU\" \/>\n<meta property=\"og:type\" content=\"article\" \/>\n<meta property=\"og:title\" content=\"Partners\u00e9gi k\u00e9pz\u00e9s \u201e\u00c9n, mint vezet\u0151\u201d c\u00edmen Ath\u00e9nban, G\u00f6r\u00f6gorsz\u00e1gban - Erd\u00e9lyi Ifj\u00fas\u00e1gi Egyes\u00fclet\" \/>\n<meta property=\"og:description\" content=\"B\u00e1tors\u00e1g\u00e1t \u00f6sszeszedve egyed\u00fcl v\u00e1gott neki leg\u00fajabb munkat\u00e1rsunk, Gabriella az \u00f3kori g\u00f6r\u00f6g \u00e9p\u00edtm\u00e9nyek\u00a0 v\u00e1ros\u00e1nak, hogy a You In Europe partner\u00fcnk \u00e1ltal szervezett tov\u00e1bbk\u00e9pz\u0151 sor\u00e1n felfedezze a benne rejl\u0151 vezet\u0151t, er\u0151ss\u00e9geinek \u00e9s hi\u00e1nyoss\u00e1gainak m\u00e9rt\u00e9k\u00e9t, illetve azok fejleszt\u00e9s\u00e9re \u00fajabb m\u00f3dszereket gy\u0171jts\u00f6n fejl\u0151d\u00e9se c\u00e9lj\u00e1b\u00f3l.\u201eM\u00e1r az utaz\u00e1s sor\u00e1n v\u00e9letlen tal\u00e1lkoz\u00e1s hozott \u00f6ssze egy m\u00e1sik r\u00e9sztvev\u0151vel, amelyet egy egyedi mint\u00e1j\u00fa nadr\u00e1gnak k\u00f6sz\u00f6nhett\u00fcnk, ugyanis m\u00e1r a bukaresti rep\u00fcl\u0151t\u00e9ren felt\u0171nt a Spanyolorsz\u00e1gb\u00f3l \u00e9rkez\u0151 bulg\u00e1r nemzetis\u00e9g\u0171 r\u00e9sztvev\u0151 \u00f6lt\u00f6zk\u00f6d\u00e9si st\u00edlusa, amely az \u00fat k\u00f6l\u00fcnb\u00f6z\u0151 pontjain v\u00e9gig elk\u00eds\u00e9rt, m\u00edg Ath\u00e9n egyik buszmeg\u00e1ll\u00f3j\u00e1ban meg nem bizonyosodtam, hogy val\u00f3sz\u00edn\u0171leg ugyanoda tartunk, ebb\u0151l kifoly\u00f3lagSEE DETAILS\" \/>\n<meta property=\"og:url\" content=\"https:\/\/www.ata-ro.eu\/hu\/hirek\/partnersegi-kepzes-en-mint-vezeto-cimen-athenban-gorogorszagban.html\" \/>\n<meta property=\"og:site_name\" content=\"Erd\u00e9lyi Ifj\u00fas\u00e1gi Egyes\u00fclet\" \/>\n<meta property=\"article:published_time\" content=\"2023-11-16T08:34:10+00:00\" \/>\n<meta property=\"article:modified_time\" content=\"2023-11-16T08:37:36+00:00\" \/>\n<meta property=\"og:image\" content=\"https:\/\/www.ata-ro.eu\/wp-content\/uploads\/2023\/11\/WYJ_20231105_122354-scaled.jpg\" \/>\n\t<meta property=\"og:image:width\" content=\"1920\" \/>\n\t<meta property=\"og:image:height\" content=\"2560\" \/>\n\t<meta property=\"og:image:type\" content=\"image\/jpeg\" \/>\n<meta name=\"twitter:card\" content=\"summary_large_image\" \/>\n<meta name=\"twitter:label1\" content=\"Szerz\u0151:\" \/>\n\t<meta name=\"twitter:data1\" content=\"admin\" \/>\n\t<meta name=\"twitter:label2\" content=\"Becs\u00fclt olvas\u00e1si id\u0151\" \/>\n\t<meta name=\"twitter:data2\" content=\"4 perc\" \/>\n<script type=\"application\/ld+json\" class=\"yoast-schema-graph\">{\"@context\":\"https:\/\/schema.org\",\"@graph\":[{\"@type\":\"WebSite\",\"@id\":\"https:\/\/www.ata-ro.eu\/hu#website\",\"url\":\"https:\/\/www.ata-ro.eu\/hu\",\"name\":\"Erd\u00e9lyi Ifj\u00fas\u00e1gi Egyes\u00fclet\",\"description\":\"\",\"potentialAction\":[{\"@type\":\"SearchAction\",\"target\":{\"@type\":\"EntryPoint\",\"urlTemplate\":\"https:\/\/www.ata-ro.eu\/hu?s={search_term_string}\"},\"query-input\":\"required name=search_term_string\"}],\"inLanguage\":\"hu\"},{\"@type\":\"ImageObject\",\"@id\":\"https:\/\/www.ata-ro.eu\/hu\/hirek\/partnersegi-kepzes-en-mint-vezeto-cimen-athenban-gorogorszagban.html#primaryimage\",\"inLanguage\":\"hu\",\"url\":\"https:\/\/www.ata-ro.eu\/wp-content\/uploads\/2023\/11\/WYJ_20231105_122354-scaled.jpg\",\"contentUrl\":\"https:\/\/www.ata-ro.eu\/wp-content\/uploads\/2023\/11\/WYJ_20231105_122354-scaled.jpg\",\"width\":1920,\"height\":2560},{\"@type\":\"WebPage\",\"@id\":\"https:\/\/www.ata-ro.eu\/hu\/hirek\/partnersegi-kepzes-en-mint-vezeto-cimen-athenban-gorogorszagban.html#webpage\",\"url\":\"https:\/\/www.ata-ro.eu\/hu\/hirek\/partnersegi-kepzes-en-mint-vezeto-cimen-athenban-gorogorszagban.html\",\"name\":\"Partners\u00e9gi k\u00e9pz\u00e9s \u201e\u00c9n, mint vezet\u0151\u201d c\u00edmen Ath\u00e9nban, G\u00f6r\u00f6gorsz\u00e1gban - Erd\u00e9lyi Ifj\u00fas\u00e1gi Egyes\u00fclet\",\"isPartOf\":{\"@id\":\"https:\/\/www.ata-ro.eu\/hu#website\"},\"primaryImageOfPage\":{\"@id\":\"https:\/\/www.ata-ro.eu\/hu\/hirek\/partnersegi-kepzes-en-mint-vezeto-cimen-athenban-gorogorszagban.html#primaryimage\"},\"datePublished\":\"2023-11-16T08:34:10+00:00\",\"dateModified\":\"2023-11-16T08:37:36+00:00\",\"author\":{\"@id\":\"https:\/\/www.ata-ro.eu\/hu#\/schema\/person\/ffeae12efe8d0ed10e9319474a7ec96c\"},\"breadcrumb\":{\"@id\":\"https:\/\/www.ata-ro.eu\/hu\/hirek\/partnersegi-kepzes-en-mint-vezeto-cimen-athenban-gorogorszagban.html#breadcrumb\"},\"inLanguage\":\"hu\",\"potentialAction\":[{\"@type\":\"ReadAction\",\"target\":[\"https:\/\/www.ata-ro.eu\/hu\/hirek\/partnersegi-kepzes-en-mint-vezeto-cimen-athenban-gorogorszagban.html\"]}]},{\"@type\":\"BreadcrumbList\",\"@id\":\"https:\/\/www.ata-ro.eu\/hu\/hirek\/partnersegi-kepzes-en-mint-vezeto-cimen-athenban-gorogorszagban.html#breadcrumb\",\"itemListElement\":[{\"@type\":\"ListItem\",\"position\":1,\"name\":\"Home\",\"item\":\"https:\/\/www.ata-ro.eu\/hu\"},{\"@type\":\"ListItem\",\"position\":2,\"name\":\"Partners\u00e9gi k\u00e9pz\u00e9s \u201e\u00c9n, mint vezet\u0151\u201d c\u00edmen Ath\u00e9nban, G\u00f6r\u00f6gorsz\u00e1gban\"}]},{\"@type\":\"Person\",\"@id\":\"https:\/\/www.ata-ro.eu\/hu#\/schema\/person\/ffeae12efe8d0ed10e9319474a7ec96c\",\"name\":\"admin\",\"image\":{\"@type\":\"ImageObject\",\"@id\":\"https:\/\/www.ata-ro.eu\/hu#personlogo\",\"inLanguage\":\"hu\",\"url\":\"https:\/\/secure.gravatar.com\/avatar\/05b44965b6d2a25d684a33cf56408aa8?s=96&d=mm&r=g\",\"contentUrl\":\"https:\/\/secure.gravatar.com\/avatar\/05b44965b6d2a25d684a33cf56408aa8?s=96&d=mm&r=g\",\"caption\":\"admin\"},\"url\":\"https:\/\/www.ata-ro.eu\/hu\/author\/admin\"}]}<\/script>\n<!-- \/ Yoast SEO plugin. -->","yoast_head_json":{"title":"Partners\u00e9gi k\u00e9pz\u00e9s \u201e\u00c9n, mint vezet\u0151\u201d c\u00edmen Ath\u00e9nban, G\u00f6r\u00f6gorsz\u00e1gban - Erd\u00e9lyi Ifj\u00fas\u00e1gi Egyes\u00fclet","robots":{"index":"index","follow":"follow","max-snippet":"max-snippet:-1","max-image-preview":"max-image-preview:large","max-video-preview":"max-video-preview:-1"},"canonical":"https:\/\/www.ata-ro.eu\/hu\/hirek\/partnersegi-kepzes-en-mint-vezeto-cimen-athenban-gorogorszagban.html","og_locale":"hu_HU","og_type":"article","og_title":"Partners\u00e9gi k\u00e9pz\u00e9s \u201e\u00c9n, mint vezet\u0151\u201d c\u00edmen Ath\u00e9nban, G\u00f6r\u00f6gorsz\u00e1gban - Erd\u00e9lyi Ifj\u00fas\u00e1gi Egyes\u00fclet","og_description":"B\u00e1tors\u00e1g\u00e1t \u00f6sszeszedve egyed\u00fcl v\u00e1gott neki leg\u00fajabb munkat\u00e1rsunk, Gabriella az \u00f3kori g\u00f6r\u00f6g \u00e9p\u00edtm\u00e9nyek\u00a0 v\u00e1ros\u00e1nak, hogy a You In Europe partner\u00fcnk \u00e1ltal szervezett tov\u00e1bbk\u00e9pz\u0151 sor\u00e1n felfedezze a benne rejl\u0151 vezet\u0151t, er\u0151ss\u00e9geinek \u00e9s hi\u00e1nyoss\u00e1gainak m\u00e9rt\u00e9k\u00e9t, illetve azok fejleszt\u00e9s\u00e9re \u00fajabb m\u00f3dszereket gy\u0171jts\u00f6n fejl\u0151d\u00e9se c\u00e9lj\u00e1b\u00f3l.\u201eM\u00e1r az utaz\u00e1s sor\u00e1n v\u00e9letlen tal\u00e1lkoz\u00e1s hozott \u00f6ssze egy m\u00e1sik r\u00e9sztvev\u0151vel, amelyet egy egyedi mint\u00e1j\u00fa nadr\u00e1gnak k\u00f6sz\u00f6nhett\u00fcnk, ugyanis m\u00e1r a bukaresti rep\u00fcl\u0151t\u00e9ren felt\u0171nt a Spanyolorsz\u00e1gb\u00f3l \u00e9rkez\u0151 bulg\u00e1r nemzetis\u00e9g\u0171 r\u00e9sztvev\u0151 \u00f6lt\u00f6zk\u00f6d\u00e9si st\u00edlusa, amely az \u00fat k\u00f6l\u00fcnb\u00f6z\u0151 pontjain v\u00e9gig elk\u00eds\u00e9rt, m\u00edg Ath\u00e9n egyik buszmeg\u00e1ll\u00f3j\u00e1ban meg nem bizonyosodtam, hogy val\u00f3sz\u00edn\u0171leg ugyanoda tartunk, ebb\u0151l kifoly\u00f3lagSEE DETAILS","og_url":"https:\/\/www.ata-ro.eu\/hu\/hirek\/partnersegi-kepzes-en-mint-vezeto-cimen-athenban-gorogorszagban.html","og_site_name":"Erd\u00e9lyi Ifj\u00fas\u00e1gi Egyes\u00fclet","article_published_time":"2023-11-16T08:34:10+00:00","article_modified_time":"2023-11-16T08:37:36+00:00","og_image":[{"width":1920,"height":2560,"url":"https:\/\/www.ata-ro.eu\/wp-content\/uploads\/2023\/11\/WYJ_20231105_122354-scaled.jpg","type":"image\/jpeg"}],"twitter_card":"summary_large_image","twitter_misc":{"Szerz\u0151:":"admin","Becs\u00fclt olvas\u00e1si id\u0151":"4 perc"},"schema":{"@context":"https:\/\/schema.org","@graph":[{"@type":"WebSite","@id":"https:\/\/www.ata-ro.eu\/hu#website","url":"https:\/\/www.ata-ro.eu\/hu","name":"Erd\u00e9lyi Ifj\u00fas\u00e1gi Egyes\u00fclet","description":"","potentialAction":[{"@type":"SearchAction","target":{"@type":"EntryPoint","urlTemplate":"https:\/\/www.ata-ro.eu\/hu?s={search_term_string}"},"query-input":"required name=search_term_string"}],"inLanguage":"hu"},{"@type":"ImageObject","@id":"https:\/\/www.ata-ro.eu\/hu\/hirek\/partnersegi-kepzes-en-mint-vezeto-cimen-athenban-gorogorszagban.html#primaryimage","inLanguage":"hu","url":"https:\/\/www.ata-ro.eu\/wp-content\/uploads\/2023\/11\/WYJ_20231105_122354-scaled.jpg","contentUrl":"https:\/\/www.ata-ro.eu\/wp-content\/uploads\/2023\/11\/WYJ_20231105_122354-scaled.jpg","width":1920,"height":2560},{"@type":"WebPage","@id":"https:\/\/www.ata-ro.eu\/hu\/hirek\/partnersegi-kepzes-en-mint-vezeto-cimen-athenban-gorogorszagban.html#webpage","url":"https:\/\/www.ata-ro.eu\/hu\/hirek\/partnersegi-kepzes-en-mint-vezeto-cimen-athenban-gorogorszagban.html","name":"Partners\u00e9gi k\u00e9pz\u00e9s \u201e\u00c9n, mint vezet\u0151\u201d c\u00edmen Ath\u00e9nban, G\u00f6r\u00f6gorsz\u00e1gban - Erd\u00e9lyi Ifj\u00fas\u00e1gi Egyes\u00fclet","isPartOf":{"@id":"https:\/\/www.ata-ro.eu\/hu#website"},"primaryImageOfPage":{"@id":"https:\/\/www.ata-ro.eu\/hu\/hirek\/partnersegi-kepzes-en-mint-vezeto-cimen-athenban-gorogorszagban.html#primaryimage"},"datePublished":"2023-11-16T08:34:10+00:00","dateModified":"2023-11-16T08:37:36+00:00","author":{"@id":"https:\/\/www.ata-ro.eu\/hu#\/schema\/person\/ffeae12efe8d0ed10e9319474a7ec96c"},"breadcrumb":{"@id":"https:\/\/www.ata-ro.eu\/hu\/hirek\/partnersegi-kepzes-en-mint-vezeto-cimen-athenban-gorogorszagban.html#breadcrumb"},"inLanguage":"hu","potentialAction":[{"@type":"ReadAction","target":["https:\/\/www.ata-ro.eu\/hu\/hirek\/partnersegi-kepzes-en-mint-vezeto-cimen-athenban-gorogorszagban.html"]}]},{"@type":"BreadcrumbList","@id":"https:\/\/www.ata-ro.eu\/hu\/hirek\/partnersegi-kepzes-en-mint-vezeto-cimen-athenban-gorogorszagban.html#breadcrumb","itemListElement":[{"@type":"ListItem","position":1,"name":"Home","item":"https:\/\/www.ata-ro.eu\/hu"},{"@type":"ListItem","position":2,"name":"Partners\u00e9gi k\u00e9pz\u00e9s \u201e\u00c9n, mint vezet\u0151\u201d c\u00edmen Ath\u00e9nban, G\u00f6r\u00f6gorsz\u00e1gban"}]},{"@type":"Person","@id":"https:\/\/www.ata-ro.eu\/hu#\/schema\/person\/ffeae12efe8d0ed10e9319474a7ec96c","name":"admin","image":{"@type":"ImageObject","@id":"https:\/\/www.ata-ro.eu\/hu#personlogo","inLanguage":"hu","url":"https:\/\/secure.gravatar.com\/avatar\/05b44965b6d2a25d684a33cf56408aa8?s=96&d=mm&r=g","contentUrl":"https:\/\/secure.gravatar.com\/avatar\/05b44965b6d2a25d684a33cf56408aa8?s=96&d=mm&r=g","caption":"admin"},"url":"https:\/\/www.ata-ro.eu\/hu\/author\/admin"}]}},"_links":{"self":[{"href":"https:\/\/www.ata-ro.eu\/hu\/wp-json\/wp\/v2\/posts\/9998"}],"collection":[{"href":"https:\/\/www.ata-ro.eu\/hu\/wp-json\/wp\/v2\/posts"}],"about":[{"href":"https:\/\/www.ata-ro.eu\/hu\/wp-json\/wp\/v2\/types\/post"}],"author":[{"embeddable":true,"href":"https:\/\/www.ata-ro.eu\/hu\/wp-json\/wp\/v2\/users\/1"}],"replies":[{"embeddable":true,"href":"https:\/\/www.ata-ro.eu\/hu\/wp-json\/wp\/v2\/comments?post=9998"}],"version-history":[{"count":4,"href":"https:\/\/www.ata-ro.eu\/hu\/wp-json\/wp\/v2\/posts\/9998\/revisions"}],"predecessor-version":[{"id":10029,"href":"https:\/\/www.ata-ro.eu\/hu\/wp-json\/wp\/v2\/posts\/9998\/revisions\/10029"}],"wp:featuredmedia":[{"embeddable":true,"href":"https:\/\/www.ata-ro.eu\/hu\/wp-json\/wp\/v2\/media\/10023"}],"wp:attachment":[{"href":"https:\/\/www.ata-ro.eu\/hu\/wp-json\/wp\/v2\/media?parent=9998"}],"wp:term":[{"taxonomy":"category","embeddable":true,"href":"https:\/\/www.ata-ro.eu\/hu\/wp-json\/wp\/v2\/categories?post=9998"},{"taxonomy":"post_tag","embeddable":true,"href":"https:\/\/www.ata-ro.eu\/hu\/wp-json\/wp\/v2\/tags?post=9998"}],"curies":[{"name":"wp","href":"https:\/\/api.w.org\/{rel}","templated":true}]}}