{"id":10334,"date":"2024-01-15T16:32:14","date_gmt":"2024-01-15T14:32:14","guid":{"rendered":"https:\/\/www.ata-ro.eu\/?p=10334"},"modified":"2024-10-17T13:13:30","modified_gmt":"2024-10-17T10:13:30","slug":"mestesugurile-o-reflectie-a-trecutului-o-perspectiva-a-viitorului","status":"publish","type":"post","link":"https:\/\/www.ata-ro.eu\/ro\/proiecte\/mestesugurile-o-reflectie-a-trecutului-o-perspectiva-a-viitorului.html","title":{"rendered":"Me\u015fte\u015fugurile, o reflec\u021bie a trecutului, o perspectiv\u0103 a viitorului"},"content":{"rendered":"<p><strong><img loading=\"lazy\" class=\"aligncenter size-large wp-image-11772\" src=\"https:\/\/www.ata-ro.eu\/wp-content\/uploads\/2024\/01\/Elso-cikk-1024x577.png\" alt=\"\" width=\"1024\" height=\"577\" srcset=\"https:\/\/www.ata-ro.eu\/wp-content\/uploads\/2024\/01\/Elso-cikk-1024x577.png 1024w, https:\/\/www.ata-ro.eu\/wp-content\/uploads\/2024\/01\/Elso-cikk-300x169.png 300w, https:\/\/www.ata-ro.eu\/wp-content\/uploads\/2024\/01\/Elso-cikk-768x433.png 768w, https:\/\/www.ata-ro.eu\/wp-content\/uploads\/2024\/01\/Elso-cikk-1536x865.png 1536w, https:\/\/www.ata-ro.eu\/wp-content\/uploads\/2024\/01\/Elso-cikk-976x550.png 976w, https:\/\/www.ata-ro.eu\/wp-content\/uploads\/2024\/01\/Elso-cikk.png 1640w\" sizes=\"(max-width: 1024px) 100vw, 1024px\" \/><br \/><br \/>COD APEL:<\/strong> PNRR\/2022\/C11\/I5 \u2013 1<\/p><p><strong>Perioada proiectului: <\/strong>01.04.2023 &#8211; 03.03.2024<strong><br \/><br \/>Durata:<\/strong> 11 luni<br \/><br \/><strong>Bugetul Proiectului:<\/strong> 149,156.24 lei, din care 134,156.24 lei, finan\u0163area nerambursabil\u0103 PNRR \u0219i 15,000.00 lei contribu\u021bia Prim\u0103riei Cristuru\u00a0Secuiesc<br \/><br \/><\/p><p>Scopul proiectului este diversificarea \u0219i prezervarea tezaurului, ecosistemului cultural local, la nivel de evenimente \u0219i produse prin oferirea posibilit\u0103\u021bii pentru 20-20 tineri NEET 18-30 ani din Cristuru Secuiesc \u0219i satele apar\u021bin\u0103toare de a participa la dou\u0103 programe de formare cultural\u0103 (atelier de \u021besut \u0219i ol\u0103rit) ce va facilita \u0219i dezvoltarea lor personal\u0103 \u0219i profesional\u0103, prin realizarea \u0219i popularizarea a 4 filmule\u021be educa\u021bionale despre procesele \u0219i produsele artizanale \u00een cauz\u0103, precum \u0219i prin derularea unei expozi\u021bii la muzeul local Moln\u00e1r Istv\u00e1n.<\/p><p>&nbsp;<\/p><p><strong>Articolele:<\/strong><\/p>&#8211; <a href=\"https:\/\/www.ata-ro.eu\/ro\/%c5%9ftiri\/ateliere-gratuite-de-olarit-si-tesut.html\">Ateliere gratuite de ol\u0103rit \u0219i \u021besut<\/a><br \/>&#8211; <a href=\"https:\/\/www.ata-ro.eu\/ro\/%c5%9ftiri\/au-inceput-mestesugurile-de-tesut-si-olarit.html\">Au \u00eenceput me\u0219te\u0219ugurile de \u021aesut \u0219i Ol\u0103rit<\/a><br \/>&#8211; <a href=\"https:\/\/www.ata-ro.eu\/ro\/%c5%9ftiri\/atelierile-noastre-de-tesut-si-olarit-s-au-incheiat.html\">Atelierile noastre de \u021besut \u0219i ol\u0103rit s-au \u00eencheiat<\/a><br \/>&#8211; <a href=\"https:\/\/www.ata-ro.eu\/ro\/%c5%9ftiri\/invitatie-la-deschiderea-expozitiei-mestesugurile-o-reflectie-a-trecutului-o-perspectiva-a-viitorului.html\"><span style=\"color: #333333;\">Invita\u021bie la deschiderea expozi\u021biei Me\u0219te\u0219ugurile, o reflec\u021bie a trecutului, o perspectiv\u0103 a viitorului <br \/><\/span><\/a><span style=\"color: #333333;\">&#8211; <a href=\"https:\/\/www.ata-ro.eu\/ro\/%c5%9ftiri\/mestesugurile-o-reflectie-a-trecutului-o-perspectiva-a-viitorului-expozitie.html\">Me\u0219te\u0219ugurile, o reflec\u021bie a trecutului, o perspectiv\u0103 a viitorului \u2013 Expozi\u021bie<\/a><\/span><a href=\"https:\/\/www.ata-ro.eu\/ro\/%c5%9ftiri\/invitatie-la-deschiderea-expozitiei-mestesugurile-o-reflectie-a-trecutului-o-perspectiva-a-viitorului.html\"><span style=\"color: #333333;\"><br \/><\/span><\/a><strong><br \/><br \/>Con\u021binutul acestui material nu reprezint\u0103 \u00een mod obligatoriu pozi\u021bia oficial\u0103 a Uniunii Europene sau a Guvernului Rom\u00e2niei<\/strong>","protected":false},"excerpt":{"rendered":"<p>COD APEL: PNRR\/2022\/C11\/I5 \u2013 1Perioada proiectului: 01.04.2023 &#8211; 03.03.2024Durata: 11 luniBugetul Proiectului: 149,156.24 lei, din care 134,156.24 lei, finan\u0163area nerambursabil\u0103 PNRR \u0219i 15,000.00 lei contribu\u021bia Prim\u0103riei Cristuru\u00a0SecuiescScopul proiectului este diversificarea \u0219i prezervarea tezaurului, ecosistemului cultural local, la nivel de evenimente \u0219i produse prin oferirea posibilit\u0103\u021bii pentru 20-20 tineri NEET 18-30 ani din Cristuru Secuiesc \u0219i satele apar\u021bin\u0103toare de a participa la dou\u0103 programe de formare cultural\u0103 (atelier de \u021besut \u0219i ol\u0103rit) ce va facilita \u0219i dezvoltarea lor personal\u0103 \u0219i profesional\u0103, prin realizarea \u0219i popularizarea a 4 filmule\u021be educa\u021bionale despre procesele<a class=\"more-link\" href=\"https:\/\/www.ata-ro.eu\/ro\/proiecte\/mestesugurile-o-reflectie-a-trecutului-o-perspectiva-a-viitorului.html\">SEE DETAILS <span class=\"more-link-image\"><\/span><span class=\"more-link-hover-image\"><\/span><\/a><\/p>\n","protected":false},"author":1,"featured_media":11772,"comment_status":"closed","ping_status":"closed","sticky":false,"template":"","format":"standard","meta":{"_links_to":"","_links_to_target":""},"categories":[237],"tags":[],"yoast_head":"<!-- This site is optimized with the Yoast SEO plugin v18.2 - https:\/\/yoast.com\/wordpress\/plugins\/seo\/ -->\n<title>Me\u015fte\u015fugurile, o reflec\u021bie a trecutului, o perspectiv\u0103 a viitorului - Asocia\u021bia de Tineri din Ardeal<\/title>\n<meta name=\"robots\" content=\"index, follow, max-snippet:-1, max-image-preview:large, max-video-preview:-1\" \/>\n<link rel=\"canonical\" href=\"https:\/\/www.ata-ro.eu\/ro\/proiecte\/mestesugurile-o-reflectie-a-trecutului-o-perspectiva-a-viitorului.html\" \/>\n<meta property=\"og:locale\" content=\"ro_RO\" \/>\n<meta property=\"og:type\" content=\"article\" \/>\n<meta property=\"og:title\" content=\"Me\u015fte\u015fugurile, o reflec\u021bie a trecutului, o perspectiv\u0103 a viitorului - Asocia\u021bia de Tineri din Ardeal\" \/>\n<meta property=\"og:description\" content=\"COD APEL: PNRR\/2022\/C11\/I5 \u2013 1Perioada proiectului: 01.04.2023 &#8211; 03.03.2024Durata: 11 luniBugetul Proiectului: 149,156.24 lei, din care 134,156.24 lei, finan\u0163area nerambursabil\u0103 PNRR \u0219i 15,000.00 lei contribu\u021bia Prim\u0103riei Cristuru\u00a0SecuiescScopul proiectului este diversificarea \u0219i prezervarea tezaurului, ecosistemului cultural local, la nivel de evenimente \u0219i produse prin oferirea posibilit\u0103\u021bii pentru 20-20 tineri NEET 18-30 ani din Cristuru Secuiesc \u0219i satele apar\u021bin\u0103toare de a participa la dou\u0103 programe de formare cultural\u0103 (atelier de \u021besut \u0219i ol\u0103rit) ce va facilita \u0219i dezvoltarea lor personal\u0103 \u0219i profesional\u0103, prin realizarea \u0219i popularizarea a 4 filmule\u021be educa\u021bionale despre proceseleSEE DETAILS\" \/>\n<meta property=\"og:url\" content=\"https:\/\/www.ata-ro.eu\/ro\/proiecte\/mestesugurile-o-reflectie-a-trecutului-o-perspectiva-a-viitorului.html\" \/>\n<meta property=\"og:site_name\" content=\"Asocia\u021bia de Tineri din Ardeal\" \/>\n<meta property=\"article:published_time\" content=\"2024-01-15T14:32:14+00:00\" \/>\n<meta property=\"article:modified_time\" content=\"2024-10-17T10:13:30+00:00\" \/>\n<meta property=\"og:image\" content=\"https:\/\/www.ata-ro.eu\/wp-content\/uploads\/2024\/01\/Elso-cikk.png\" \/>\n\t<meta property=\"og:image:width\" content=\"1640\" \/>\n\t<meta property=\"og:image:height\" content=\"924\" \/>\n\t<meta property=\"og:image:type\" content=\"image\/png\" \/>\n<meta name=\"twitter:card\" content=\"summary_large_image\" \/>\n<meta name=\"twitter:label1\" content=\"Scris de\" \/>\n\t<meta name=\"twitter:data1\" content=\"admin\" \/>\n\t<meta name=\"twitter:label2\" content=\"Timp estimat pentru citire\" \/>\n\t<meta name=\"twitter:data2\" content=\"1 minut\" \/>\n<script type=\"application\/ld+json\" class=\"yoast-schema-graph\">{\"@context\":\"https:\/\/schema.org\",\"@graph\":[{\"@type\":\"WebSite\",\"@id\":\"https:\/\/www.ata-ro.eu\/ro#website\",\"url\":\"https:\/\/www.ata-ro.eu\/ro\",\"name\":\"Asocia\u021bia de Tineri din Ardeal\",\"description\":\"\",\"potentialAction\":[{\"@type\":\"SearchAction\",\"target\":{\"@type\":\"EntryPoint\",\"urlTemplate\":\"https:\/\/www.ata-ro.eu\/ro?s={search_term_string}\"},\"query-input\":\"required name=search_term_string\"}],\"inLanguage\":\"ro-RO\"},{\"@type\":\"ImageObject\",\"@id\":\"https:\/\/www.ata-ro.eu\/ro\/proiecte\/mestesugurile-o-reflectie-a-trecutului-o-perspectiva-a-viitorului.html#primaryimage\",\"inLanguage\":\"ro-RO\",\"url\":\"https:\/\/www.ata-ro.eu\/wp-content\/uploads\/2024\/01\/Elso-cikk.png\",\"contentUrl\":\"https:\/\/www.ata-ro.eu\/wp-content\/uploads\/2024\/01\/Elso-cikk.png\",\"width\":1640,\"height\":924},{\"@type\":\"WebPage\",\"@id\":\"https:\/\/www.ata-ro.eu\/ro\/proiecte\/mestesugurile-o-reflectie-a-trecutului-o-perspectiva-a-viitorului.html#webpage\",\"url\":\"https:\/\/www.ata-ro.eu\/ro\/proiecte\/mestesugurile-o-reflectie-a-trecutului-o-perspectiva-a-viitorului.html\",\"name\":\"Me\u015fte\u015fugurile, o reflec\u021bie a trecutului, o perspectiv\u0103 a viitorului - Asocia\u021bia de Tineri din Ardeal\",\"isPartOf\":{\"@id\":\"https:\/\/www.ata-ro.eu\/ro#website\"},\"primaryImageOfPage\":{\"@id\":\"https:\/\/www.ata-ro.eu\/ro\/proiecte\/mestesugurile-o-reflectie-a-trecutului-o-perspectiva-a-viitorului.html#primaryimage\"},\"datePublished\":\"2024-01-15T14:32:14+00:00\",\"dateModified\":\"2024-10-17T10:13:30+00:00\",\"author\":{\"@id\":\"https:\/\/www.ata-ro.eu\/ro#\/schema\/person\/ffeae12efe8d0ed10e9319474a7ec96c\"},\"breadcrumb\":{\"@id\":\"https:\/\/www.ata-ro.eu\/ro\/proiecte\/mestesugurile-o-reflectie-a-trecutului-o-perspectiva-a-viitorului.html#breadcrumb\"},\"inLanguage\":\"ro-RO\",\"potentialAction\":[{\"@type\":\"ReadAction\",\"target\":[\"https:\/\/www.ata-ro.eu\/ro\/proiecte\/mestesugurile-o-reflectie-a-trecutului-o-perspectiva-a-viitorului.html\"]}]},{\"@type\":\"BreadcrumbList\",\"@id\":\"https:\/\/www.ata-ro.eu\/ro\/proiecte\/mestesugurile-o-reflectie-a-trecutului-o-perspectiva-a-viitorului.html#breadcrumb\",\"itemListElement\":[{\"@type\":\"ListItem\",\"position\":1,\"name\":\"Home\",\"item\":\"https:\/\/www.ata-ro.eu\/ro\"},{\"@type\":\"ListItem\",\"position\":2,\"name\":\"Me\u015fte\u015fugurile, o reflec\u021bie a trecutului, o perspectiv\u0103 a viitorului\"}]},{\"@type\":\"Person\",\"@id\":\"https:\/\/www.ata-ro.eu\/ro#\/schema\/person\/ffeae12efe8d0ed10e9319474a7ec96c\",\"name\":\"admin\",\"image\":{\"@type\":\"ImageObject\",\"@id\":\"https:\/\/www.ata-ro.eu\/ro#personlogo\",\"inLanguage\":\"ro-RO\",\"url\":\"https:\/\/secure.gravatar.com\/avatar\/05b44965b6d2a25d684a33cf56408aa8?s=96&d=mm&r=g\",\"contentUrl\":\"https:\/\/secure.gravatar.com\/avatar\/05b44965b6d2a25d684a33cf56408aa8?s=96&d=mm&r=g\",\"caption\":\"admin\"},\"url\":\"https:\/\/www.ata-ro.eu\/ro\/author\/admin\"}]}<\/script>\n<!-- \/ Yoast SEO plugin. -->","yoast_head_json":{"title":"Me\u015fte\u015fugurile, o reflec\u021bie a trecutului, o perspectiv\u0103 a viitorului - Asocia\u021bia de Tineri din Ardeal","robots":{"index":"index","follow":"follow","max-snippet":"max-snippet:-1","max-image-preview":"max-image-preview:large","max-video-preview":"max-video-preview:-1"},"canonical":"https:\/\/www.ata-ro.eu\/ro\/proiecte\/mestesugurile-o-reflectie-a-trecutului-o-perspectiva-a-viitorului.html","og_locale":"ro_RO","og_type":"article","og_title":"Me\u015fte\u015fugurile, o reflec\u021bie a trecutului, o perspectiv\u0103 a viitorului - Asocia\u021bia de Tineri din Ardeal","og_description":"COD APEL: PNRR\/2022\/C11\/I5 \u2013 1Perioada proiectului: 01.04.2023 &#8211; 03.03.2024Durata: 11 luniBugetul Proiectului: 149,156.24 lei, din care 134,156.24 lei, finan\u0163area nerambursabil\u0103 PNRR \u0219i 15,000.00 lei contribu\u021bia Prim\u0103riei Cristuru\u00a0SecuiescScopul proiectului este diversificarea \u0219i prezervarea tezaurului, ecosistemului cultural local, la nivel de evenimente \u0219i produse prin oferirea posibilit\u0103\u021bii pentru 20-20 tineri NEET 18-30 ani din Cristuru Secuiesc \u0219i satele apar\u021bin\u0103toare de a participa la dou\u0103 programe de formare cultural\u0103 (atelier de \u021besut \u0219i ol\u0103rit) ce va facilita \u0219i dezvoltarea lor personal\u0103 \u0219i profesional\u0103, prin realizarea \u0219i popularizarea a 4 filmule\u021be educa\u021bionale despre proceseleSEE DETAILS","og_url":"https:\/\/www.ata-ro.eu\/ro\/proiecte\/mestesugurile-o-reflectie-a-trecutului-o-perspectiva-a-viitorului.html","og_site_name":"Asocia\u021bia de Tineri din Ardeal","article_published_time":"2024-01-15T14:32:14+00:00","article_modified_time":"2024-10-17T10:13:30+00:00","og_image":[{"width":1640,"height":924,"url":"https:\/\/www.ata-ro.eu\/wp-content\/uploads\/2024\/01\/Elso-cikk.png","type":"image\/png"}],"twitter_card":"summary_large_image","twitter_misc":{"Scris de":"admin","Timp estimat pentru citire":"1 minut"},"schema":{"@context":"https:\/\/schema.org","@graph":[{"@type":"WebSite","@id":"https:\/\/www.ata-ro.eu\/ro#website","url":"https:\/\/www.ata-ro.eu\/ro","name":"Asocia\u021bia de Tineri din Ardeal","description":"","potentialAction":[{"@type":"SearchAction","target":{"@type":"EntryPoint","urlTemplate":"https:\/\/www.ata-ro.eu\/ro?s={search_term_string}"},"query-input":"required name=search_term_string"}],"inLanguage":"ro-RO"},{"@type":"ImageObject","@id":"https:\/\/www.ata-ro.eu\/ro\/proiecte\/mestesugurile-o-reflectie-a-trecutului-o-perspectiva-a-viitorului.html#primaryimage","inLanguage":"ro-RO","url":"https:\/\/www.ata-ro.eu\/wp-content\/uploads\/2024\/01\/Elso-cikk.png","contentUrl":"https:\/\/www.ata-ro.eu\/wp-content\/uploads\/2024\/01\/Elso-cikk.png","width":1640,"height":924},{"@type":"WebPage","@id":"https:\/\/www.ata-ro.eu\/ro\/proiecte\/mestesugurile-o-reflectie-a-trecutului-o-perspectiva-a-viitorului.html#webpage","url":"https:\/\/www.ata-ro.eu\/ro\/proiecte\/mestesugurile-o-reflectie-a-trecutului-o-perspectiva-a-viitorului.html","name":"Me\u015fte\u015fugurile, o reflec\u021bie a trecutului, o perspectiv\u0103 a viitorului - Asocia\u021bia de Tineri din Ardeal","isPartOf":{"@id":"https:\/\/www.ata-ro.eu\/ro#website"},"primaryImageOfPage":{"@id":"https:\/\/www.ata-ro.eu\/ro\/proiecte\/mestesugurile-o-reflectie-a-trecutului-o-perspectiva-a-viitorului.html#primaryimage"},"datePublished":"2024-01-15T14:32:14+00:00","dateModified":"2024-10-17T10:13:30+00:00","author":{"@id":"https:\/\/www.ata-ro.eu\/ro#\/schema\/person\/ffeae12efe8d0ed10e9319474a7ec96c"},"breadcrumb":{"@id":"https:\/\/www.ata-ro.eu\/ro\/proiecte\/mestesugurile-o-reflectie-a-trecutului-o-perspectiva-a-viitorului.html#breadcrumb"},"inLanguage":"ro-RO","potentialAction":[{"@type":"ReadAction","target":["https:\/\/www.ata-ro.eu\/ro\/proiecte\/mestesugurile-o-reflectie-a-trecutului-o-perspectiva-a-viitorului.html"]}]},{"@type":"BreadcrumbList","@id":"https:\/\/www.ata-ro.eu\/ro\/proiecte\/mestesugurile-o-reflectie-a-trecutului-o-perspectiva-a-viitorului.html#breadcrumb","itemListElement":[{"@type":"ListItem","position":1,"name":"Home","item":"https:\/\/www.ata-ro.eu\/ro"},{"@type":"ListItem","position":2,"name":"Me\u015fte\u015fugurile, o reflec\u021bie a trecutului, o perspectiv\u0103 a viitorului"}]},{"@type":"Person","@id":"https:\/\/www.ata-ro.eu\/ro#\/schema\/person\/ffeae12efe8d0ed10e9319474a7ec96c","name":"admin","image":{"@type":"ImageObject","@id":"https:\/\/www.ata-ro.eu\/ro#personlogo","inLanguage":"ro-RO","url":"https:\/\/secure.gravatar.com\/avatar\/05b44965b6d2a25d684a33cf56408aa8?s=96&d=mm&r=g","contentUrl":"https:\/\/secure.gravatar.com\/avatar\/05b44965b6d2a25d684a33cf56408aa8?s=96&d=mm&r=g","caption":"admin"},"url":"https:\/\/www.ata-ro.eu\/ro\/author\/admin"}]}},"_links":{"self":[{"href":"https:\/\/www.ata-ro.eu\/ro\/wp-json\/wp\/v2\/posts\/10334"}],"collection":[{"href":"https:\/\/www.ata-ro.eu\/ro\/wp-json\/wp\/v2\/posts"}],"about":[{"href":"https:\/\/www.ata-ro.eu\/ro\/wp-json\/wp\/v2\/types\/post"}],"author":[{"embeddable":true,"href":"https:\/\/www.ata-ro.eu\/ro\/wp-json\/wp\/v2\/users\/1"}],"replies":[{"embeddable":true,"href":"https:\/\/www.ata-ro.eu\/ro\/wp-json\/wp\/v2\/comments?post=10334"}],"version-history":[{"count":7,"href":"https:\/\/www.ata-ro.eu\/ro\/wp-json\/wp\/v2\/posts\/10334\/revisions"}],"predecessor-version":[{"id":11775,"href":"https:\/\/www.ata-ro.eu\/ro\/wp-json\/wp\/v2\/posts\/10334\/revisions\/11775"}],"wp:featuredmedia":[{"embeddable":true,"href":"https:\/\/www.ata-ro.eu\/ro\/wp-json\/wp\/v2\/media\/11772"}],"wp:attachment":[{"href":"https:\/\/www.ata-ro.eu\/ro\/wp-json\/wp\/v2\/media?parent=10334"}],"wp:term":[{"taxonomy":"category","embeddable":true,"href":"https:\/\/www.ata-ro.eu\/ro\/wp-json\/wp\/v2\/categories?post=10334"},{"taxonomy":"post_tag","embeddable":true,"href":"https:\/\/www.ata-ro.eu\/ro\/wp-json\/wp\/v2\/tags?post=10334"}],"curies":[{"name":"wp","href":"https:\/\/api.w.org\/{rel}","templated":true}]}}